{"id":7352,"date":"2026-01-23T17:20:53","date_gmt":"2026-01-23T22:20:53","guid":{"rendered":"https:\/\/istvr.edu.ec\/web\/?p=7352"},"modified":"2026-01-23T17:20:53","modified_gmt":"2026-01-23T22:20:53","slug":"dia-internacional-de-la-educacion-24-de-enero","status":"publish","type":"post","link":"https:\/\/istvr.edu.ec\/web\/2026\/01\/23\/dia-internacional-de-la-educacion-24-de-enero\/","title":{"rendered":"D\u00eda Internacional de la Educaci\u00f3n 24 de enero"},"content":{"rendered":"\n<p>La educaci\u00f3n es un derecho humano fundamental, un bien p\u00fablico y una responsabilidad colectiva. En el&nbsp;<strong>D\u00eda Internacional de la Educaci\u00f3n<\/strong>, el&nbsp;<strong><em>Instituto Superior Tecnol\u00f3gico Vicente Rocafuerte<\/em><\/strong>&nbsp;reafirma su compromiso con la formaci\u00f3n integral, inclusiva y de calidad, orientada al desarrollo acad\u00e9mico, humano y social de nuestra comunidad educativa.<\/p>\n\n\n\n<p>Creemos firmemente que educar es sembrar esperanza, construir oportunidades y transformar realidades. Cada estudiante representa el futuro de nuestra sociedad, y cada docente es un pilar esencial en la construcci\u00f3n de ese camino.<\/p>\n\n\n\n<p>Hoy celebramos el esfuerzo, la dedicaci\u00f3n y la vocaci\u00f3n de quienes hacen de la educaci\u00f3n una herramienta de cambio y progreso.<\/p>\n\n\n\n<p><strong>Educar es inspirar, formar y trascender.<\/strong><\/p>\n","protected":false},"excerpt":{"rendered":"<p>La educaci\u00f3n es un derecho humano fundamental, un bien p\u00fablico y una responsabilidad colectiva. En el&nbsp;D\u00eda Internacional de la Educaci\u00f3n, el&nbsp;Instituto Superior [&hellip;]<\/p>\n","protected":false},"author":1,"featured_media":7353,"comment_status":"closed","ping_status":"open","sticky":false,"template":"","format":"standard","meta":{"pgc_sgb_lightbox_settings":"","footnotes":""},"categories":[3],"tags":[],"class_list":["post-7352","post","type-post","status-publish","format-standard","has-post-thumbnail","hentry","category-work"],"_links":{"self":[{"href":"https:\/\/istvr.edu.ec\/web\/wp-json\/wp\/v2\/posts\/7352","targetHints":{"allow":["GET"]}}],"collection":[{"href":"https:\/\/istvr.edu.ec\/web\/wp-json\/wp\/v2\/posts"}],"about":[{"href":"https:\/\/istvr.edu.ec\/web\/wp-json\/wp\/v2\/types\/post"}],"author":[{"embeddable":true,"href":"https:\/\/istvr.edu.ec\/web\/wp-json\/wp\/v2\/users\/1"}],"replies":[{"embeddable":true,"href":"https:\/\/istvr.edu.ec\/web\/wp-json\/wp\/v2\/comments?post=7352"}],"version-history":[{"count":1,"href":"https:\/\/istvr.edu.ec\/web\/wp-json\/wp\/v2\/posts\/7352\/revisions"}],"predecessor-version":[{"id":7354,"href":"https:\/\/istvr.edu.ec\/web\/wp-json\/wp\/v2\/posts\/7352\/revisions\/7354"}],"wp:featuredmedia":[{"embeddable":true,"href":"https:\/\/istvr.edu.ec\/web\/wp-json\/wp\/v2\/media\/7353"}],"wp:attachment":[{"href":"https:\/\/istvr.edu.ec\/web\/wp-json\/wp\/v2\/media?parent=7352"}],"wp:term":[{"taxonomy":"category","embeddable":true,"href":"https:\/\/istvr.edu.ec\/web\/wp-json\/wp\/v2\/categories?post=7352"},{"taxonomy":"post_tag","embeddable":true,"href":"https:\/\/istvr.edu.ec\/web\/wp-json\/wp\/v2\/tags?post=7352"}],"curies":[{"name":"wp","href":"https:\/\/api.w.org\/{rel}","templated":true}]}}