{"id":7298,"date":"2025-11-18T14:31:58","date_gmt":"2025-11-18T19:31:58","guid":{"rendered":"https:\/\/istvr.edu.ec\/web\/?p=7298"},"modified":"2026-02-04T13:11:45","modified_gmt":"2026-02-04T18:11:45","slug":"el-istvr-celebro-la-graduacion-de-385-nuevostecnologos-superiores","status":"publish","type":"post","link":"https:\/\/istvr.edu.ec\/web\/2025\/11\/18\/el-istvr-celebro-la-graduacion-de-385-nuevostecnologos-superiores\/","title":{"rendered":"El ISTVR celebr\u00f3 la graduaci\u00f3n de 385 nuevosTecn\u00f3logos Superiores"},"content":{"rendered":"\t\t<div data-elementor-type=\"wp-post\" data-elementor-id=\"7298\" class=\"elementor elementor-7298\">\n\t\t\t\t\t\t\t<div class=\"elementor-element elementor-element-2b1c7c03 e-flex e-con-boxed e-con e-parent\" data-id=\"2b1c7c03\" data-element_type=\"container\" data-settings=\"{&quot;content_width&quot;:&quot;boxed&quot;}\" data-core-v316-plus=\"true\">\n\t\t\t\t\t<div class=\"e-con-inner\">\n\t\t\t\t<div class=\"elementor-element elementor-element-24a06040 elementor-widget elementor-widget-text-editor\" data-id=\"24a06040\" data-element_type=\"widget\" data-widget_type=\"text-editor.default\">\n\t\t\t\t<div class=\"elementor-widget-container\">\n\t\t\t<style>\/*! elementor - v3.16.0 - 12-09-2023 *\/\n.elementor-widget-text-editor.elementor-drop-cap-view-stacked .elementor-drop-cap{background-color:#69727d;color:#fff}.elementor-widget-text-editor.elementor-drop-cap-view-framed .elementor-drop-cap{color:#69727d;border:3px solid;background-color:transparent}.elementor-widget-text-editor:not(.elementor-drop-cap-view-default) .elementor-drop-cap{margin-top:8px}.elementor-widget-text-editor:not(.elementor-drop-cap-view-default) .elementor-drop-cap-letter{width:1em;height:1em}.elementor-widget-text-editor .elementor-drop-cap{float:left;text-align:center;line-height:1;font-size:50px}.elementor-widget-text-editor .elementor-drop-cap-letter{display:inline-block}<\/style>\t\t\t\t<p>El pasado martes 20 de octubre, el Instituto Superior Tecnol\u00f3gico Vicente<br \/>Rocafuerte (ISTVR) celebr\u00f3 con orgullo la ceremonia de graduaci\u00f3n de 385<br \/>nuevos Tecn\u00f3logos Superiores, pertenecientes a las carreras de:<\/p>\n<p><!-- \/wp:paragraph --><!-- wp:paragraph --><\/p>\n<ul>\n<li>Tecnolog\u00eda Superior en Desarrollo Integral Infantil<\/li>\n<li>Tecnolog\u00eda Superior en Comercio Exterior<\/li>\n<li>Tecnolog\u00eda Superior en Dise\u00f1o de Modas<\/li>\n<li>Tecnolog\u00eda Superior en Ensamblaje y Mantenimiento de Equipos de<br \/>C\u00f3mputo<\/li>\n<li>Tecnolog\u00eda Superior en Dise\u00f1o y Mantenimiento de Redes<\/li>\n<li>Tecnolog\u00eda Superior en Turismo<\/li>\n<li>Tecnolog\u00eda Superior en Contabilidad<\/li>\n<li>Tecnolog\u00eda Superior en Contabilidad y Asesor\u00eda Tributaria<\/li>\n<\/ul>\n<p><!-- \/wp:paragraph --><!-- wp:paragraph --><\/p>\n<p>El evento se desarroll\u00f3 en el auditorio de la Universidad Ecotec, campus<br \/>Guayaquil, y cont\u00f3 con la presencia de las autoridades institucionales,<br \/>coordinadores de carrera, docentes, estudiantes y familiares, quienes acompa\u00f1aron con orgullo a los graduados en este significativo momento acad\u00e9mico.<\/p>\n<p><!-- \/wp:paragraph --><!-- wp:paragraph --><\/p>\n<p>Durante la ceremonia, la Mgs. Pamela L\u00f3pez, Vicerrectora del ISTVR, ofreci\u00f3 un<br \/>emotivo mensaje de apertura en el que destac\u00f3 los logros alcanzados por los<br \/>nuevos profesionales, motiv\u00e1ndolos a continuar su camino de formaci\u00f3n y<br \/>crecimiento personal.<\/p>\n<p><!-- \/wp:paragraph --><!-- wp:paragraph --><\/p>\n<p>Por su parte, el Mgs. Javier Constantine, Rector del ISTVR, felicit\u00f3 a los<br \/>graduados por el esfuerzo, la disciplina y la constancia demostrada en cada una de<br \/>las etapas de su formaci\u00f3n, desde las pr\u00e1cticas preprofesionales y la vinculaci\u00f3n<br \/>con la sociedad, hasta la aprobaci\u00f3n del trabajo de titulaci\u00f3n. \u201cTodos han<br \/>demostrado excelencia y compromiso con su futuro profesional\u201d, expres\u00f3.<\/p>\n<p><!-- \/wp:paragraph --><!-- wp:paragraph --><\/p>\n<p>Reconocimiento a los mejores promedios de la promoci\u00f3n 2025-I<br \/>Durante la ceremonia se reconoci\u00f3 a los estudiantes que obtuvieron los mejores<br \/>puntajes en sus respectivas carreras:<\/p>\n<ul>\n<li>Anthony Debray Lecaro Avenda\u00f1o, Tecnolog\u00eda Superior en Comercio<br \/>Exterior<\/li>\n<li>\u00c1ngela Teresa Guz\u00f1ay Ventura, Tecnolog\u00eda Superior en Desarrollo<br \/>Integral Infantil<\/li>\n<li>Hander Patricio Quintero Ch\u00e1vez, Tecnolog\u00eda Superior en Ensamblaje y<br \/>Mantenimiento de Equipos de C\u00f3mputo.<\/li>\n<li>Bradid Joel Pilligua Guam\u00e1n, Tecnolog\u00eda Superior en Dise\u00f1o y<br \/>Mantenimiento de Redes<\/li>\n<li>Karina del Roc\u00edo Mora Villamar, Tecnolog\u00eda Superior en Turismo<\/li>\n<li>Mayra Alejandra Bazurto Sabando, Tecnolog\u00eda Superior en<br \/>Contabilidad y Asesor\u00eda Tributaria<\/li>\n<li>edro Vicente Palma Pe\u00f1a, Tecnolog\u00eda Superior en Dise\u00f1o de Modas.<!-- \/wp:paragraph --><!-- wp:list --><\/li>\n<\/ul>\n<ul class=\"wp-block-list\">\n<li style=\"list-style-type: none;\">\n<ul class=\"wp-block-list\"><!-- wp:list-item --><\/ul>\n<\/li>\n<\/ul>\n<ul class=\"wp-block-list\">\n<li style=\"list-style-type: none;\">\u00a0<\/li>\n<\/ul>\n<p>El estudiante Pedro Vicente Palma Pe\u00f1a fue reconocido adem\u00e1s como el mejor promedio general de la promoci\u00f3n 2025-I. En su intervenci\u00f3n, expres\u00f3 palabras de<br \/>gratitud hacia su se\u00f1ora Madre , por ense\u00f1arle a ser fuerte y a sus docentes por<br \/>guiarlos durante el proceso acad\u00e9mico y motiv\u00f3 a sus compa\u00f1eros a \u201cseguir<br \/>prepar\u00e1ndose, disfrutar del presente y nunca dejar de aprender\u201d.<\/p>\n<p><br \/>Asimismo, la estudiante \u00c1ngela Teresa Guz\u00f1ay Ventura dirigi\u00f3 un mensaje en<br \/>representaci\u00f3n de sus compa\u00f1eros, destacando el valor del esfuerzo colectivo, la<br \/>perseverancia y el compromiso con el desarrollo del pa\u00eds.<\/p>\n<p><br \/>El ISTVR reafirma su compromiso de formar profesionales de excelencia, capaces<br \/>de incorporarse de manera exitosa al mundo laboral y contribuir activamente al<br \/>progreso social y econ\u00f3mico del Ecuador.<\/p>\n<p><!-- \/wp:pgcsimplygalleryblock\/slider --><!-- wp:paragraph --><\/p>\n<p><!-- \/wp:paragraph --><\/p>\t\t\t\t\t\t<\/div>\n\t\t\t\t<\/div>\n\t\t\t\t\t<\/div>\n\t\t\t\t<\/div>\n\t\t<div class=\"elementor-element elementor-element-547403a e-flex e-con-boxed e-con e-parent\" data-id=\"547403a\" data-element_type=\"container\" data-settings=\"{&quot;content_width&quot;:&quot;boxed&quot;}\" data-core-v316-plus=\"true\">\n\t\t\t\t\t<div class=\"e-con-inner\">\n\t\t\t\t<div class=\"elementor-element elementor-element-24d3a40 elementor-arrows-position-inside elementor-pagination-position-outside elementor-widget elementor-widget-image-carousel\" data-id=\"24d3a40\" data-element_type=\"widget\" data-settings=\"{&quot;slides_to_show&quot;:&quot;1&quot;,&quot;_animation&quot;:&quot;none&quot;,&quot;navigation&quot;:&quot;both&quot;,&quot;autoplay&quot;:&quot;yes&quot;,&quot;pause_on_hover&quot;:&quot;yes&quot;,&quot;pause_on_interaction&quot;:&quot;yes&quot;,&quot;autoplay_speed&quot;:5000,&quot;infinite&quot;:&quot;yes&quot;,&quot;effect&quot;:&quot;slide&quot;,&quot;speed&quot;:500}\" data-widget_type=\"image-carousel.default\">\n\t\t\t\t<div class=\"elementor-widget-container\">\n\t\t\t<style>\/*! elementor - v3.16.0 - 12-09-2023 *\/\n.elementor-widget-image-carousel .swiper,.elementor-widget-image-carousel .swiper-container{position:static}.elementor-widget-image-carousel .swiper-container .swiper-slide figure,.elementor-widget-image-carousel .swiper .swiper-slide figure{line-height:inherit}.elementor-widget-image-carousel .swiper-slide{text-align:center}.elementor-image-carousel-wrapper:not(.swiper-container-initialized):not(.swiper-initialized) .swiper-slide{max-width:calc(100% \/ var(--e-image-carousel-slides-to-show, 3))}<\/style>\t\t<div class=\"elementor-image-carousel-wrapper swiper-container\" dir=\"ltr\">\n\t\t\t<div class=\"elementor-image-carousel swiper-wrapper\" aria-live=\"off\">\n\t\t\t\t\t\t\t\t<div class=\"swiper-slide\" role=\"group\" aria-roledescription=\"slide\" aria-label=\"1 of 2\"><figure class=\"swiper-slide-inner\"><img decoding=\"async\" class=\"swiper-slide-image\" src=\"https:\/\/istvr.edu.ec\/web\/wp-content\/uploads\/2025\/11\/IMG_20251028_123250-scaled.jpg\" alt=\"IMG_20251028_123250\" \/><\/figure><\/div><div class=\"swiper-slide\" role=\"group\" aria-roledescription=\"slide\" aria-label=\"2 of 2\"><figure class=\"swiper-slide-inner\"><img decoding=\"async\" class=\"swiper-slide-image\" src=\"https:\/\/istvr.edu.ec\/web\/wp-content\/uploads\/2025\/11\/IMG_20-scaled.jpg\" alt=\"IMG_20\" \/><\/figure><\/div>\t\t\t<\/div>\n\t\t\t\t\t\t\t\t\t\t\t\t<div class=\"elementor-swiper-button elementor-swiper-button-prev\" role=\"button\" tabindex=\"0\">\n\t\t\t\t\t\t<i aria-hidden=\"true\" class=\"eicon-chevron-left\"><\/i>\t\t\t\t\t<\/div>\n\t\t\t\t\t<div class=\"elementor-swiper-button elementor-swiper-button-next\" role=\"button\" tabindex=\"0\">\n\t\t\t\t\t\t<i aria-hidden=\"true\" class=\"eicon-chevron-right\"><\/i>\t\t\t\t\t<\/div>\n\t\t\t\t\n\t\t\t\t\t\t\t\t\t<div class=\"swiper-pagination\"><\/div>\n\t\t\t\t\t\t\t\t\t<\/div>\n\t\t\t\t<\/div>\n\t\t\t\t<\/div>\n\t\t\t\t\t<\/div>\n\t\t\t\t<\/div>\n\t\t\t\t\t\t\t<\/div>\n\t\t","protected":false},"excerpt":{"rendered":"<p>El pasado martes 20 de octubre, el Instituto Superior Tecnol\u00f3gico VicenteRocafuerte (ISTVR) celebr\u00f3 con orgullo la ceremonia de graduaci\u00f3n de 385nuevos Tecn\u00f3logos [&hellip;]<\/p>\n","protected":false},"author":1,"featured_media":7297,"comment_status":"closed","ping_status":"open","sticky":false,"template":"","format":"standard","meta":{"pgc_sgb_lightbox_settings":"","footnotes":""},"categories":[3],"tags":[],"class_list":["post-7298","post","type-post","status-publish","format-standard","has-post-thumbnail","hentry","category-work"],"_links":{"self":[{"href":"https:\/\/istvr.edu.ec\/web\/wp-json\/wp\/v2\/posts\/7298","targetHints":{"allow":["GET"]}}],"collection":[{"href":"https:\/\/istvr.edu.ec\/web\/wp-json\/wp\/v2\/posts"}],"about":[{"href":"https:\/\/istvr.edu.ec\/web\/wp-json\/wp\/v2\/types\/post"}],"author":[{"embeddable":true,"href":"https:\/\/istvr.edu.ec\/web\/wp-json\/wp\/v2\/users\/1"}],"replies":[{"embeddable":true,"href":"https:\/\/istvr.edu.ec\/web\/wp-json\/wp\/v2\/comments?post=7298"}],"version-history":[{"count":20,"href":"https:\/\/istvr.edu.ec\/web\/wp-json\/wp\/v2\/posts\/7298\/revisions"}],"predecessor-version":[{"id":7704,"href":"https:\/\/istvr.edu.ec\/web\/wp-json\/wp\/v2\/posts\/7298\/revisions\/7704"}],"wp:featuredmedia":[{"embeddable":true,"href":"https:\/\/istvr.edu.ec\/web\/wp-json\/wp\/v2\/media\/7297"}],"wp:attachment":[{"href":"https:\/\/istvr.edu.ec\/web\/wp-json\/wp\/v2\/media?parent=7298"}],"wp:term":[{"taxonomy":"category","embeddable":true,"href":"https:\/\/istvr.edu.ec\/web\/wp-json\/wp\/v2\/categories?post=7298"},{"taxonomy":"post_tag","embeddable":true,"href":"https:\/\/istvr.edu.ec\/web\/wp-json\/wp\/v2\/tags?post=7298"}],"curies":[{"name":"wp","href":"https:\/\/api.w.org\/{rel}","templated":true}]}}