{"id":6661,"date":"2025-08-18T09:24:53","date_gmt":"2025-08-18T14:24:53","guid":{"rendered":"https:\/\/istvr.edu.ec\/web\/?p=6661"},"modified":"2025-08-18T09:26:51","modified_gmt":"2025-08-18T14:26:51","slug":"renovacion-de-convenio-con-el-sri-para-fortalecer-la-formacion-profesional-de-sus-estudiantes","status":"publish","type":"post","link":"https:\/\/istvr.edu.ec\/web\/2025\/08\/18\/renovacion-de-convenio-con-el-sri-para-fortalecer-la-formacion-profesional-de-sus-estudiantes\/","title":{"rendered":"Renovaci\u00f3n de convenio con el SRI para fortalecer la formaci\u00f3n profesional de sus estudiantes."},"content":{"rendered":"\n<p>El Instituto Superior Tecnol\u00f3gico Vicente Rocafuerte (ISTVR) renov\u00f3 su convenio de<br>cooperaci\u00f3n con el Servicio de Rentas Internas (SRI), con el objetivo de continuar<br>facilitando espacios para la realizaci\u00f3n de pr\u00e1cticas preprofesionales. Este acuerdo<br>reafirma el compromiso institucional de brindar a los estudiantes oportunidades<br>concretas para desarrollar sus habilidades en entornos laborales reales, exigentes y<br>altamente calificados dentro del sector p\u00fablico.<br>Durante el acto protocolario estuvieron presentes la Msc. Mar\u00eda Fernanda Parra,<br>Directora Zonal 8 del SRI, y el Msc. Javier Constantine, Rector del ISTVR,<br>acompa\u00f1ados por docentes y autoridades acad\u00e9micas de la instituci\u00f3n. Entre ellos<br>destacaron la Mgs. Cinthya Rivera, Coordinadora de la carrera de Contabilidad y<br>Asesor\u00eda Tributaria, y el Ing. Jos\u00e9 Pinela, Coordinador de Pr\u00e1cticas Preprofesionales y<br>Vinculaci\u00f3n con la Sociedad, quienes subrayaron la importancia de fortalecer la<br>vinculaci\u00f3n entre la academia y las entidades estatales.<br>En su intervenci\u00f3n, la Directora Parra, manifest\u00f3 su inter\u00e9s en continuar recibiendo<br>estudiantes del ISTVR que contribuyan, con vocaci\u00f3n de servicio y preparaci\u00f3n t\u00e9cnica,<br>a la atenci\u00f3n ciudadana que brinda el SRI. Por su parte, el Mgs. Javier Constantine,<br>Rector del instituto reiter\u00f3 su compromiso con una educaci\u00f3n t\u00e9cnica y tecnol\u00f3gica de<br>calidad, articulada con las necesidades del pa\u00eds y con una formaci\u00f3n \u00e9tica y profesional<br>acorde a los desaf\u00edos del entorno laboral actual.<\/p>\n\n\n\n<p>Este convenio consolida el camino hacia una educaci\u00f3n superior m\u00e1s cercana a la<br>realidad nacional y comprometida con el desarrollo de profesionales \u00edntegros,<br>responsables y competitivos.<\/p>\n\n\n<div class=\"pgc-sgb-cb wp-block-pgcsimplygalleryblock-slider \" data-gallery-id=\"2b804030\" style=\"min-height:580px\"><div class=\"sgb-preloader\" id=\"pr_2b804030\">\n\t<div class=\"sgb-square\" style=\"background:#d4d4d4\"><\/div>\n\t<div class=\"sgb-square\" style=\"background:#d4d4d4\"><\/div>\n\t<div class=\"sgb-square\" style=\"background:#d4d4d4\"><\/div>\n\t<div class=\"sgb-square\" style=\"background:#d4d4d4\"><\/div><\/div><div class=\"simply-gallery-amp pgc_sgb_slider \" style=\"display: none;\"><div class=\"sgb-gallery\"><div class=\"sgb-item\"><a href=\"https:\/\/istvr.edu.ec\/web\/whatsapp-image-2025-08-06-at-1-51-37-pm\/\" target=\"_blank\"><img decoding=\"async\" alt=\"\" width=\"300\" height=\"225\" loading=\"lazy\" src=\"http:\/\/istvr.edu.ec\/web\/wp-content\/uploads\/2025\/08\/WhatsApp-Image-2025-08-06-at-1.51.37-PM-300x225.jpeg\" srcset=\"http:\/\/istvr.edu.ec\/web\/wp-content\/uploads\/2025\/08\/WhatsApp-Image-2025-08-06-at-1.51.37-PM-300x225.jpeg 300w,http:\/\/istvr.edu.ec\/web\/wp-content\/uploads\/2025\/08\/WhatsApp-Image-2025-08-06-at-1.51.37-PM-1024x768.jpeg 1024w,http:\/\/istvr.edu.ec\/web\/wp-content\/uploads\/2025\/08\/WhatsApp-Image-2025-08-06-at-1.51.37-PM.jpeg 1600w\" sizes=\"auto, 250px\"\/><\/a><\/div><div class=\"sgb-item\"><a href=\"https:\/\/istvr.edu.ec\/web\/whatsapp-image-2025-08-06-at-1-51-35-pm\/\" target=\"_blank\"><img decoding=\"async\" alt=\"\" width=\"300\" height=\"225\" loading=\"lazy\" src=\"http:\/\/istvr.edu.ec\/web\/wp-content\/uploads\/2025\/08\/WhatsApp-Image-2025-08-06-at-1.51.35-PM-300x225.jpeg\" srcset=\"http:\/\/istvr.edu.ec\/web\/wp-content\/uploads\/2025\/08\/WhatsApp-Image-2025-08-06-at-1.51.35-PM-300x225.jpeg 300w,http:\/\/istvr.edu.ec\/web\/wp-content\/uploads\/2025\/08\/WhatsApp-Image-2025-08-06-at-1.51.35-PM-1024x768.jpeg 1024w,http:\/\/istvr.edu.ec\/web\/wp-content\/uploads\/2025\/08\/WhatsApp-Image-2025-08-06-at-1.51.35-PM.jpeg 1600w\" sizes=\"auto, 250px\"\/><\/a><\/div><\/div><\/div><script type=\"application\/json\" class=\"sgb-data\">{\"sliderMaxHeight\":580,\"sliderAdminWidth\":790,\"collectionColumns\":1,\"galleryType\":\"pgc_sgb_slider\",\"galleryId\":\"2b804030\",\"images\":[{\"id\":6656,\"title\":\"WhatsApp Image 2025-08-06 at 1.51.37 PM\",\"url\":\"http:\/\/istvr.edu.ec\/web\/wp-content\/uploads\/2025\/08\/WhatsApp-Image-2025-08-06-at-1.51.37-PM.jpeg\",\"link\":\"https:\/\/istvr.edu.ec\/web\/whatsapp-image-2025-08-06-at-1-51-37-pm\/\",\"alt\":\"\",\"description\":\"\",\"caption\":\"\",\"mime\":\"image\/jpeg\",\"type\":\"image\",\"width\":1600,\"height\":1200,\"sizes\":{\"thumbnail\":{\"height\":150,\"width\":150,\"url\":\"http:\/\/istvr.edu.ec\/web\/wp-content\/uploads\/2025\/08\/WhatsApp-Image-2025-08-06-at-1.51.37-PM-150x150.jpeg\",\"orientation\":\"landscape\"},\"medium\":{\"height\":225,\"width\":300,\"url\":\"http:\/\/istvr.edu.ec\/web\/wp-content\/uploads\/2025\/08\/WhatsApp-Image-2025-08-06-at-1.51.37-PM-300x225.jpeg\",\"orientation\":\"landscape\"},\"large\":{\"height\":768,\"width\":1024,\"url\":\"http:\/\/istvr.edu.ec\/web\/wp-content\/uploads\/2025\/08\/WhatsApp-Image-2025-08-06-at-1.51.37-PM-1024x768.jpeg\",\"orientation\":\"landscape\"},\"full\":{\"url\":\"http:\/\/istvr.edu.ec\/web\/wp-content\/uploads\/2025\/08\/WhatsApp-Image-2025-08-06-at-1.51.37-PM.jpeg\",\"height\":1200,\"width\":1600,\"orientation\":\"landscape\"}},\"imageMeta\":{\"aperture\":\"0\",\"credit\":\"\",\"camera\":\"\",\"caption\":\"\",\"created_timestamp\":\"0\",\"copyright\":\"\",\"focal_length\":\"0\",\"iso\":\"0\",\"shutter_speed\":\"0\",\"title\":\"\",\"orientation\":\"0\",\"keywords\":[]},\"meta\":false,\"postlink\":\"https:\/\/istvr.edu.ec\/web\/whatsapp-image-2025-08-06-at-1-51-37-pm\/\"},{\"id\":6657,\"title\":\"WhatsApp Image 2025-08-06 at 1.51.35 PM\",\"url\":\"http:\/\/istvr.edu.ec\/web\/wp-content\/uploads\/2025\/08\/WhatsApp-Image-2025-08-06-at-1.51.35-PM.jpeg\",\"link\":\"https:\/\/istvr.edu.ec\/web\/whatsapp-image-2025-08-06-at-1-51-35-pm\/\",\"alt\":\"\",\"description\":\"\",\"caption\":\"\",\"mime\":\"image\/jpeg\",\"type\":\"image\",\"width\":1600,\"height\":1200,\"sizes\":{\"thumbnail\":{\"height\":150,\"width\":150,\"url\":\"http:\/\/istvr.edu.ec\/web\/wp-content\/uploads\/2025\/08\/WhatsApp-Image-2025-08-06-at-1.51.35-PM-150x150.jpeg\",\"orientation\":\"landscape\"},\"medium\":{\"height\":225,\"width\":300,\"url\":\"http:\/\/istvr.edu.ec\/web\/wp-content\/uploads\/2025\/08\/WhatsApp-Image-2025-08-06-at-1.51.35-PM-300x225.jpeg\",\"orientation\":\"landscape\"},\"large\":{\"height\":768,\"width\":1024,\"url\":\"http:\/\/istvr.edu.ec\/web\/wp-content\/uploads\/2025\/08\/WhatsApp-Image-2025-08-06-at-1.51.35-PM-1024x768.jpeg\",\"orientation\":\"landscape\"},\"full\":{\"url\":\"http:\/\/istvr.edu.ec\/web\/wp-content\/uploads\/2025\/08\/WhatsApp-Image-2025-08-06-at-1.51.35-PM.jpeg\",\"height\":1200,\"width\":1600,\"orientation\":\"landscape\"}},\"imageMeta\":{\"aperture\":\"0\",\"credit\":\"\",\"camera\":\"\",\"caption\":\"\",\"created_timestamp\":\"0\",\"copyright\":\"\",\"focal_length\":\"0\",\"iso\":\"0\",\"shutter_speed\":\"0\",\"title\":\"\",\"orientation\":\"0\",\"keywords\":[]},\"meta\":false,\"postlink\":\"https:\/\/istvr.edu.ec\/web\/whatsapp-image-2025-08-06-at-1-51-35-pm\/\"}],\"itemsMetaDataCollection\":[]}<\/script><script>(function(){if(window.PGC_SGB && window.PGC_SGB.searcher){window.PGC_SGB.searcher.initBlocks()}})()<\/script><\/div>","protected":false},"excerpt":{"rendered":"<p>El Instituto Superior Tecnol\u00f3gico Vicente Rocafuerte (ISTVR) renov\u00f3 su convenio decooperaci\u00f3n con el Servicio de Rentas Internas (SRI), con el objetivo de [&hellip;]<\/p>\n","protected":false},"author":1,"featured_media":6660,"comment_status":"closed","ping_status":"open","sticky":false,"template":"","format":"standard","meta":{"pgc_sgb_lightbox_settings":"","footnotes":""},"categories":[3],"tags":[],"class_list":["post-6661","post","type-post","status-publish","format-standard","has-post-thumbnail","hentry","category-work"],"_links":{"self":[{"href":"https:\/\/istvr.edu.ec\/web\/wp-json\/wp\/v2\/posts\/6661","targetHints":{"allow":["GET"]}}],"collection":[{"href":"https:\/\/istvr.edu.ec\/web\/wp-json\/wp\/v2\/posts"}],"about":[{"href":"https:\/\/istvr.edu.ec\/web\/wp-json\/wp\/v2\/types\/post"}],"author":[{"embeddable":true,"href":"https:\/\/istvr.edu.ec\/web\/wp-json\/wp\/v2\/users\/1"}],"replies":[{"embeddable":true,"href":"https:\/\/istvr.edu.ec\/web\/wp-json\/wp\/v2\/comments?post=6661"}],"version-history":[{"count":2,"href":"https:\/\/istvr.edu.ec\/web\/wp-json\/wp\/v2\/posts\/6661\/revisions"}],"predecessor-version":[{"id":6663,"href":"https:\/\/istvr.edu.ec\/web\/wp-json\/wp\/v2\/posts\/6661\/revisions\/6663"}],"wp:featuredmedia":[{"embeddable":true,"href":"https:\/\/istvr.edu.ec\/web\/wp-json\/wp\/v2\/media\/6660"}],"wp:attachment":[{"href":"https:\/\/istvr.edu.ec\/web\/wp-json\/wp\/v2\/media?parent=6661"}],"wp:term":[{"taxonomy":"category","embeddable":true,"href":"https:\/\/istvr.edu.ec\/web\/wp-json\/wp\/v2\/categories?post=6661"},{"taxonomy":"post_tag","embeddable":true,"href":"https:\/\/istvr.edu.ec\/web\/wp-json\/wp\/v2\/tags?post=6661"}],"curies":[{"name":"wp","href":"https:\/\/api.w.org\/{rel}","templated":true}]}}