{"id":4752,"date":"2024-08-19T14:48:34","date_gmt":"2024-08-19T19:48:34","guid":{"rendered":"https:\/\/istvr.edu.ec\/web\/?p=4752"},"modified":"2024-08-20T12:57:48","modified_gmt":"2024-08-20T17:57:48","slug":"conformacion-del-comite-paritario-de-seguridad-y-salud-ocupacional-istvr","status":"publish","type":"post","link":"https:\/\/istvr.edu.ec\/web\/2024\/08\/19\/conformacion-del-comite-paritario-de-seguridad-y-salud-ocupacional-istvr\/","title":{"rendered":"CONFORMACI\u00d3N DEL COMITE PARITARIO DE SEGURIDAD Y SALUD OCUPACIONAL ISTVR"},"content":{"rendered":"\t\t<div data-elementor-type=\"wp-post\" data-elementor-id=\"4752\" class=\"elementor elementor-4752\">\n\t\t\t\t\t\t\t<div class=\"elementor-element elementor-element-1fabcc2c e-con-full e-flex e-con e-parent\" data-id=\"1fabcc2c\" data-element_type=\"container\" data-settings=\"{&quot;content_width&quot;:&quot;full&quot;}\" data-core-v316-plus=\"true\">\n\t\t\t\t<div class=\"elementor-element elementor-element-4a554f10 elementor-widget elementor-widget-text-editor\" data-id=\"4a554f10\" data-element_type=\"widget\" data-widget_type=\"text-editor.default\">\n\t\t\t\t<div class=\"elementor-widget-container\">\n\t\t\t<style>\/*! elementor - v3.16.0 - 12-09-2023 *\/\n.elementor-widget-text-editor.elementor-drop-cap-view-stacked .elementor-drop-cap{background-color:#69727d;color:#fff}.elementor-widget-text-editor.elementor-drop-cap-view-framed .elementor-drop-cap{color:#69727d;border:3px solid;background-color:transparent}.elementor-widget-text-editor:not(.elementor-drop-cap-view-default) .elementor-drop-cap{margin-top:8px}.elementor-widget-text-editor:not(.elementor-drop-cap-view-default) .elementor-drop-cap-letter{width:1em;height:1em}.elementor-widget-text-editor .elementor-drop-cap{float:left;text-align:center;line-height:1;font-size:50px}.elementor-widget-text-editor .elementor-drop-cap-letter{display:inline-block}<\/style>\t\t\t\t<p><!-- wp:paragraph --><\/p>\n<p style=\"text-align: left;\">El Instituto Superior Tecnol\u00f3gico Vicente Rocafuerte tiene el agrado de informar que cuenta ya con los representantes de sus autoridades y trabajadores ante el Comit\u00e9 Paritario de Seguridad y Salud en el Trabajo, para cuya conformaci\u00f3n se estableci\u00f3 un procedimiento y se sustenta en la normativa que se\u00f1ala que en toda empresa o instituci\u00f3n en la que laboren m\u00e1s de quince personas debe conformarse uno.<\/p>\n<p style=\"text-align: left;\"><!-- \/wp:paragraph --><\/p>\n<p style=\"text-align: left;\"><!-- wp:paragraph --><\/p>\n<p style=\"text-align: left;\">As\u00ed se determina en su marco legal:\u00a0Decisi\u00f3n 584 Instrumento Andino de Seguridad y Salud en el Trabajo; Resoluci\u00f3n 957 Reglamento del Instructivo Andino de Seguridad y Salud en el Trabajo; Acuerdo Ministerial 2393; y, Reglamento de Seguridad y Salud de los Trabajadores.<\/p>\n<p style=\"text-align: left;\"><!-- \/wp:paragraph --><\/p>\n<p style=\"text-align: left;\"><!-- wp:paragraph --><\/p>\n<p style=\"text-align: left;\">Est\u00e1 integrado por seis representantes designados por la instituci\u00f3n \u2013es decir, por sus autoridades\u2013 e igual n\u00famero de representantes de los trabajadores elegidos de manera libre y voluntaria. En ambos grupos, tres ser\u00e1n titulares y los otros tres suplentes.<\/p>\n<p style=\"text-align: left;\"><!-- \/wp:paragraph --><\/p>\n<p style=\"text-align: left;\"><!-- wp:paragraph --><\/p>\n<p style=\"text-align: left;\">Los representantes de los trabajadores del Instituto fueron elegidos por votaci\u00f3n, ejercicio democr\u00e1tico registrado el pasado 13 Martes de Agosto en\u00a0 la Asamblea General en las Instalaciones del Centro M\u00faltiple de Institutos mediante convocatoria realizada por nuestra m\u00e1xima autoridad Mgs. Javier Antonio Constantine Castro.<\/p>\n<p><!-- \/wp:paragraph --><\/p>\n<p><!-- wp:paragraph --><\/p>\n<p style=\"color: #222222; font-family: Arial, Helvetica, sans-serif; font-size: small;\"><i><b>REPRESENTANTES PRINCIPALES (TRABAJADORES)<\/b><\/i><\/p>\n<ol style=\"color: #222222; font-family: Arial, Helvetica, sans-serif; font-size: small;\">\n<li style=\"margin-left: 15px;\">MOREIRA ARIAS PABLO CESAR<\/li>\n<li style=\"margin-left: 15px;\">VELASCO AVILES DAVID ENRIQUE<\/li>\n<li style=\"margin-left: 15px;\">TIGRE M\u00c9NDEZ JOHN KEVIN<\/li>\n<\/ol>\n<p dir=\"ltr\">\u00a0<\/p>\n<p dir=\"ltr\" style=\"color: #222222; font-family: Arial, Helvetica, sans-serif; font-size: small;\"><i><b>REPRESENTANTES SUPLENTES (TRABAJADORES)<\/b><\/i><\/p>\n<ol style=\"color: #222222; font-family: Arial, Helvetica, sans-serif; font-size: small;\">\n<li style=\"margin-left: 15px;\">CONCHA RAMIREZ JHONNY ANTONIO<\/li>\n<li style=\"margin-left: 15px;\">MARTILLO ALCIVAR MEIBOR LILY<\/li>\n<li style=\"margin-left: 15px;\">PINARGOTE \u00a0BENAVIDES LUIS MIGUEL<\/li>\n<\/ol>\n<p style=\"color: #222222; font-family: Arial, Helvetica, sans-serif; font-size: small;\">\u00a0<\/p>\n<p style=\"color: #222222; font-family: Arial, Helvetica, sans-serif; font-size: small;\"><i><b>REPRESENTANTES PRINCIPALES (EMPLEADOR)<\/b><\/i><\/p>\n<ol style=\"color: #222222; font-family: Arial, Helvetica, sans-serif; font-size: small;\">\n<li style=\"margin-left: 15px;\">DUARTE MORANTE PEDRO LUIS\u00a0<\/li>\n<li style=\"margin-left: 15px;\">QUIROZ MONCERRAD JONATHAN FRANCISCO<\/li>\n<li style=\"margin-left: 15px;\">PAZ RODRIGUEZ GISELLA MARITZA<\/li>\n<\/ol>\n<p style=\"color: #222222; font-family: Arial, Helvetica, sans-serif; font-size: small;\">\u00a0<\/p>\n<p style=\"color: #222222; font-family: Arial, Helvetica, sans-serif; font-size: small;\"><i><b>\u00a0REPRESENTANTES SUPLENTES\u00a0 (EMPLEADOR)<\/b><\/i><\/p>\n<ol style=\"color: #222222; font-family: Arial, Helvetica, sans-serif; font-size: small;\">\n<li style=\"margin-left: 15px;\">STERLING CARLO JANINE ELIZABETH<\/li>\n<li style=\"margin-left: 15px;\">MOR\u00c1N BERMELLO KATHERIN\u00a0 VICENTA<\/li>\n<li style=\"margin-left: 15px;\">GRACIA MARTINEZ LILIANA AZUCENA<\/li>\n<\/ol>\n<p><!-- \/wp:pgcsimplygalleryblock\/slider --><\/p>\t\t\t\t\t\t<\/div>\n\t\t\t\t<\/div>\n\t\t\t\t<\/div>\n\t\t<div class=\"elementor-element elementor-element-b1cf7c9 e-flex e-con-boxed e-con e-parent\" data-id=\"b1cf7c9\" data-element_type=\"container\" data-settings=\"{&quot;content_width&quot;:&quot;boxed&quot;}\" data-core-v316-plus=\"true\">\n\t\t\t\t\t<div class=\"e-con-inner\">\n\t\t\t\t<div class=\"elementor-element elementor-element-66e9d41 elementor-widget elementor-widget-image\" data-id=\"66e9d41\" data-element_type=\"widget\" data-widget_type=\"image.default\">\n\t\t\t\t<div class=\"elementor-widget-container\">\n\t\t\t<style>\/*! elementor - v3.16.0 - 12-09-2023 *\/\n.elementor-widget-image{text-align:center}.elementor-widget-image a{display:inline-block}.elementor-widget-image a img[src$=\".svg\"]{width:48px}.elementor-widget-image img{vertical-align:middle;display:inline-block}<\/style>\t\t\t\t\t\t\t\t\t\t\t\t<img loading=\"lazy\" decoding=\"async\" width=\"1024\" height=\"487\" src=\"https:\/\/istvr.edu.ec\/web\/wp-content\/uploads\/2024\/08\/image-2-1024x487.png\" class=\"attachment-large size-large wp-image-4768\" alt=\"\" srcset=\"https:\/\/istvr.edu.ec\/web\/wp-content\/uploads\/2024\/08\/image-2-1024x487.png 1024w, https:\/\/istvr.edu.ec\/web\/wp-content\/uploads\/2024\/08\/image-2-300x143.png 300w, https:\/\/istvr.edu.ec\/web\/wp-content\/uploads\/2024\/08\/image-2-768x365.png 768w, https:\/\/istvr.edu.ec\/web\/wp-content\/uploads\/2024\/08\/image-2-1000x476.png 1000w, https:\/\/istvr.edu.ec\/web\/wp-content\/uploads\/2024\/08\/image-2-230x109.png 230w, https:\/\/istvr.edu.ec\/web\/wp-content\/uploads\/2024\/08\/image-2-350x166.png 350w, https:\/\/istvr.edu.ec\/web\/wp-content\/uploads\/2024\/08\/image-2-480x228.png 480w, https:\/\/istvr.edu.ec\/web\/wp-content\/uploads\/2024\/08\/image-2.png 1188w\" sizes=\"auto, (max-width: 1024px) 100vw, 1024px\" \/>\t\t\t\t\t\t\t\t\t\t\t\t\t\t\t<\/div>\n\t\t\t\t<\/div>\n\t\t\t\t\t<\/div>\n\t\t\t\t<\/div>\n\t\t<div class=\"elementor-element elementor-element-c57d3ab e-con-full e-flex e-con e-parent\" data-id=\"c57d3ab\" data-element_type=\"container\" data-settings=\"{&quot;content_width&quot;:&quot;full&quot;}\" data-core-v316-plus=\"true\">\n\t\t\t\t<div class=\"elementor-element elementor-element-7058128 elementor-arrows-position-inside elementor-pagination-position-outside elementor-widget elementor-widget-image-carousel\" data-id=\"7058128\" data-element_type=\"widget\" data-settings=\"{&quot;slides_to_show&quot;:&quot;1&quot;,&quot;navigation&quot;:&quot;both&quot;,&quot;autoplay&quot;:&quot;yes&quot;,&quot;pause_on_hover&quot;:&quot;yes&quot;,&quot;pause_on_interaction&quot;:&quot;yes&quot;,&quot;autoplay_speed&quot;:5000,&quot;infinite&quot;:&quot;yes&quot;,&quot;effect&quot;:&quot;slide&quot;,&quot;speed&quot;:500}\" data-widget_type=\"image-carousel.default\">\n\t\t\t\t<div class=\"elementor-widget-container\">\n\t\t\t<style>\/*! elementor - v3.16.0 - 12-09-2023 *\/\n.elementor-widget-image-carousel .swiper,.elementor-widget-image-carousel .swiper-container{position:static}.elementor-widget-image-carousel .swiper-container .swiper-slide figure,.elementor-widget-image-carousel .swiper .swiper-slide figure{line-height:inherit}.elementor-widget-image-carousel .swiper-slide{text-align:center}.elementor-image-carousel-wrapper:not(.swiper-container-initialized):not(.swiper-initialized) .swiper-slide{max-width:calc(100% \/ var(--e-image-carousel-slides-to-show, 3))}<\/style>\t\t<div class=\"elementor-image-carousel-wrapper swiper-container\" dir=\"ltr\">\n\t\t\t<div class=\"elementor-image-carousel swiper-wrapper\" aria-live=\"off\">\n\t\t\t\t\t\t\t\t<div class=\"swiper-slide\" role=\"group\" aria-roledescription=\"slide\" aria-label=\"1 of 3\"><figure class=\"swiper-slide-inner\"><img decoding=\"async\" class=\"swiper-slide-image\" src=\"https:\/\/istvr.edu.ec\/web\/wp-content\/uploads\/2024\/08\/WhatsApp-Image-2024-08-19-at-11.16.46-2.jpeg\" alt=\"WhatsApp Image 2024-08-19 at 11.16.46 (2)\" \/><\/figure><\/div><div class=\"swiper-slide\" role=\"group\" aria-roledescription=\"slide\" aria-label=\"2 of 3\"><figure class=\"swiper-slide-inner\"><img decoding=\"async\" class=\"swiper-slide-image\" src=\"https:\/\/istvr.edu.ec\/web\/wp-content\/uploads\/2024\/08\/WhatsApp-Image-2024-08-19-at-11.16.47.jpeg\" alt=\"WhatsApp Image 2024-08-19 at 11.16.47\" \/><\/figure><\/div><div class=\"swiper-slide\" role=\"group\" aria-roledescription=\"slide\" aria-label=\"3 of 3\"><figure class=\"swiper-slide-inner\"><img decoding=\"async\" class=\"swiper-slide-image\" src=\"https:\/\/istvr.edu.ec\/web\/wp-content\/uploads\/2024\/08\/WhatsApp-Image-2024-08-19-at-11.16.46.jpeg\" alt=\"WhatsApp Image 2024-08-19 at 11.16.46\" \/><\/figure><\/div>\t\t\t<\/div>\n\t\t\t\t\t\t\t\t\t\t\t\t<div class=\"elementor-swiper-button elementor-swiper-button-prev\" role=\"button\" tabindex=\"0\">\n\t\t\t\t\t\t<i aria-hidden=\"true\" class=\"eicon-chevron-left\"><\/i>\t\t\t\t\t<\/div>\n\t\t\t\t\t<div class=\"elementor-swiper-button elementor-swiper-button-next\" role=\"button\" tabindex=\"0\">\n\t\t\t\t\t\t<i aria-hidden=\"true\" class=\"eicon-chevron-right\"><\/i>\t\t\t\t\t<\/div>\n\t\t\t\t\n\t\t\t\t\t\t\t\t\t<div class=\"swiper-pagination\"><\/div>\n\t\t\t\t\t\t\t\t\t<\/div>\n\t\t\t\t<\/div>\n\t\t\t\t<\/div>\n\t\t\t\t<\/div>\n\t\t\t\t\t\t\t<\/div>\n\t\t","protected":false},"excerpt":{"rendered":"<p>El Instituto Superior Tecnol\u00f3gico Vicente Rocafuerte tiene el agrado de informar que cuenta ya con los representantes de sus autoridades y trabajadores [&hellip;]<\/p>\n","protected":false},"author":1,"featured_media":4748,"comment_status":"closed","ping_status":"open","sticky":false,"template":"","format":"standard","meta":{"pgc_sgb_lightbox_settings":"","footnotes":""},"categories":[3],"tags":[],"class_list":["post-4752","post","type-post","status-publish","format-standard","has-post-thumbnail","hentry","category-work"],"_links":{"self":[{"href":"https:\/\/istvr.edu.ec\/web\/wp-json\/wp\/v2\/posts\/4752","targetHints":{"allow":["GET"]}}],"collection":[{"href":"https:\/\/istvr.edu.ec\/web\/wp-json\/wp\/v2\/posts"}],"about":[{"href":"https:\/\/istvr.edu.ec\/web\/wp-json\/wp\/v2\/types\/post"}],"author":[{"embeddable":true,"href":"https:\/\/istvr.edu.ec\/web\/wp-json\/wp\/v2\/users\/1"}],"replies":[{"embeddable":true,"href":"https:\/\/istvr.edu.ec\/web\/wp-json\/wp\/v2\/comments?post=4752"}],"version-history":[{"count":22,"href":"https:\/\/istvr.edu.ec\/web\/wp-json\/wp\/v2\/posts\/4752\/revisions"}],"predecessor-version":[{"id":4781,"href":"https:\/\/istvr.edu.ec\/web\/wp-json\/wp\/v2\/posts\/4752\/revisions\/4781"}],"wp:featuredmedia":[{"embeddable":true,"href":"https:\/\/istvr.edu.ec\/web\/wp-json\/wp\/v2\/media\/4748"}],"wp:attachment":[{"href":"https:\/\/istvr.edu.ec\/web\/wp-json\/wp\/v2\/media?parent=4752"}],"wp:term":[{"taxonomy":"category","embeddable":true,"href":"https:\/\/istvr.edu.ec\/web\/wp-json\/wp\/v2\/categories?post=4752"},{"taxonomy":"post_tag","embeddable":true,"href":"https:\/\/istvr.edu.ec\/web\/wp-json\/wp\/v2\/tags?post=4752"}],"curies":[{"name":"wp","href":"https:\/\/api.w.org\/{rel}","templated":true}]}}