{"id":4352,"date":"2024-05-27T23:26:24","date_gmt":"2024-05-28T04:26:24","guid":{"rendered":"https:\/\/istvr.edu.ec\/web\/?p=4352"},"modified":"2024-06-23T11:29:50","modified_gmt":"2024-06-23T16:29:50","slug":"resultados-de-elecciones-istvr-2024","status":"publish","type":"post","link":"https:\/\/istvr.edu.ec\/web\/2024\/05\/27\/resultados-de-elecciones-istvr-2024\/","title":{"rendered":"Resultados de Elecciones ISTVR 2024"},"content":{"rendered":"\n<p class=\"has-medium-font-size\">El 27 de mayo de 2024, se realiz\u00f3 la jornada democr\u00e1tica para elegir a los representantes docentes y representantes al Consejo Estudiantil, enfatizando que el presidente del Consejo Estudiantil y el vicepresidente del Consejo Estudiantil, son representantes estudiantiles principal y alterno ante el OCS, respectivamente.<\/p>\n\n\n\n<p class=\"has-medium-font-size\">El Instituto Superior Tecnol\u00f3gico Vicente Rocafuerte implement\u00f3 por primera vez el voto presencial electr\u00f3nico.<\/p>\n\n\n\n<p class=\"has-medium-font-size\">Los estudiantes participaron masivamente de esta fiesta democr\u00e1tica siendo un total de 1934 los que asistieron a sufragar (86,73%) y 296 (13,27% ) se ausentaron, lo que nos deja un resultado de activa participaci\u00f3n democr\u00e1tica de nuestros estudiantes del ISTVR.<\/p>\n\n\n\n<p class=\"has-medium-font-size\">Los resultaron fueron los siguientes:<\/p>\n\n\n\n<figure class=\"wp-block-table\"><table><tbody><tr><td><strong>OPCIONES<\/strong><\/td><td><strong>VOTOS<\/strong><\/td><td><strong>PORCENTAJE<\/strong><\/td><\/tr><tr><td>LISTA 1<\/td><td>1129<\/td><td>58.4%<\/td><\/tr><tr><td>LISTA 2<\/td><td>523<\/td><td>27.0%<\/td><\/tr><tr><td>BLANCO<\/td><td>69<\/td><td>03.6%<\/td><\/tr><tr><td>NULO<\/td><td>213<\/td><td>11.0%<\/td><\/tr><tr><td><strong>TOTAL<\/strong><\/td><td><strong>1934<\/strong><\/td><td>100%<\/td><\/tr><\/tbody><\/table><\/figure>\n\n\n\n<p class=\"has-medium-font-size\"><strong>El Consejo Electoral declar\u00f3 como lista ganadora a la LISTA 1<\/strong><\/p>\n\n\n\n<p class=\"has-medium-font-size\">La Lista 1 (ganadora), est\u00e1 integrada por:<\/p>\n\n\n\n<figure class=\"wp-block-table\"><table><tbody><tr><td>&nbsp; <strong>NOMBRES<\/strong><\/td><td>&nbsp; <strong>APELLIDOS<\/strong><\/td><td>&nbsp; <strong>PUESTO C.E.<\/strong><\/td><td>&nbsp;<strong> CEDULA<\/strong><\/td><\/tr><tr><td>Giovanny Jacinto<\/td><td>Morales Venegas<\/td><td>Presidente &#8211; Principal<\/td><td>0911640696<\/td><\/tr><tr><td>Henry Fabian<\/td><td>Quiroz Berm\u00fadez<\/td><td>Presidente &#8211; Alterno<\/td><td>0919432617<\/td><\/tr><tr><td>Andrea de los \u00c1ngeles<\/td><td>Torres Rosero<\/td><td>Vicepresidente &#8211; Principal<\/td><td>0952495679<\/td><\/tr><tr><td>Marcelo Eduardo<\/td><td>Utreras Coello<\/td><td>Vicepresidente &#8211; Alterno<\/td><td>0953472420<\/td><\/tr><tr><td>\u00c1lbaro Josu\u00e9<\/td><td>Gonz\u00e1lez Carbo<\/td><td>Secretario &#8211; Principal<\/td><td>0957023443<\/td><\/tr><tr><td>Angela Bel\u00e9n<\/td><td>Carvajal Hern\u00e1ndez<\/td><td>Secretario \u2013 Alterno<\/td><td>0931126866<\/td><\/tr><tr><td>Daniel Alexander<\/td><td>Suasti C\u00e1rdenas<\/td><td>Tesorero &#8211; Principal<\/td><td>0918345836<\/td><\/tr><tr><td>G\u00e9nesis Denisse<\/td><td>Benitez Chimbo<\/td><td>Tesorero &#8211; Alterno<\/td><td>0954141305<\/td><\/tr><tr><td>Diana Jenniffer<\/td><td>Mor\u00e1n Le\u00f3n<\/td><td>1\u00b0 Vocal &#8211; Principal<\/td><td>0925614984<\/td><\/tr><tr><td>Xavier Alejandro<\/td><td>Barzola Briones<\/td><td>1\u00b0 Vocal &#8211; Alterno<\/td><td>0953849221<\/td><\/tr><tr><td>Jazm\u00edn Gisella<\/td><td>Limones Caiche<\/td><td>2\u00b0 Vocal &#8211; Principal<\/td><td>0915981989<\/td><\/tr><tr><td>Jessica Yajaira<\/td><td>Guerrero Paz<\/td><td>2\u00b0 Vocal &#8211; Alterno<\/td><td>0911330090<\/td><\/tr><tr><td>Julio Daniel<\/td><td>L\u00f3pez L\u00f3pez<\/td><td>3\u00b0 Vocal &#8211; Principal<\/td><td>0920467644<\/td><\/tr><tr><td>Lorena Lisset<\/td><td>L\u00f3pez Ca\u00f1ote<\/td><td>3\u00b0 Vocal &#8211; Alterno<\/td><td>0930838545<\/td><\/tr><\/tbody><\/table><\/figure>\n\n\n\n<p class=\"has-medium-font-size\">La Lista 2, est\u00e1 integrada por:<\/p>\n\n\n\n<figure class=\"wp-block-table\"><table><tbody><tr><td>&nbsp; <strong>NOMBRES<\/strong><\/td><td>&nbsp; <strong>APELLIDOS<\/strong><\/td><td>&nbsp; <strong>PUESTO C.E.<\/strong><\/td><td>&nbsp;<strong> CEDULA<\/strong><\/td><\/tr><tr><td>Soraida Ang\u00e9lica<\/td><td>Tamayo Vanegas<\/td><td>Presidente &#8211; Principal<\/td><td>0951559780<\/td><\/tr><tr><td>\u00c1lex Daniel<\/td><td>Espa\u00f1a Vega<\/td><td>Presidente &#8211; Alterno<\/td><td>0958520421<\/td><\/tr><tr><td>Joel David<\/td><td>Peredo Garc\u00eda<\/td><td>Vicepresidente &#8211; Principal<\/td><td>0955393012<\/td><\/tr><tr><td>Saday Sabrina<\/td><td>Figueroa Tierra<\/td><td>Vicepresidente &#8211; Alterno<\/td><td>0943929059<\/td><\/tr><tr><td>Katherine del Roc\u00edo<\/td><td>Reyes Sicouret<\/td><td>Secretario &#8211; Principal<\/td><td>0918298902<\/td><\/tr><tr><td>Cinthya Michelle<\/td><td>Heredero Heredero <\/td><td>Secretario \u2013 Alterno<\/td><td>0958464331<\/td><\/tr><tr><td>Pedro Vicente<\/td><td>Palma Pe\u00f1a<\/td><td>Tesorero &#8211; Principal<\/td><td>0931858690<\/td><\/tr><tr><td>Damaris Elizabeth<\/td><td>Rodr\u00edguez Mora<\/td><td>Tesorero &#8211; Alterno<\/td><td>0926271735<\/td><\/tr><tr><td>Dany Crist\u00f3bal<\/td><td>Flores Ordo\u00f1ez<\/td><td>1\u00b0 Vocal &#8211; Principal<\/td><td>1312831504<\/td><\/tr><tr><td>Nataly Denisse<\/td><td>Santos Nilve<\/td><td>1\u00b0 Vocal &#8211; Alterno<\/td><td>0956797674<\/td><\/tr><tr><td>Jonathan Joel<\/td><td>Zambrano Montero<\/td><td>2\u00b0 Vocal &#8211; Principal<\/td><td>0932266281<\/td><\/tr><tr><td>Mois\u00e9s Jonathan<\/td><td>Castro Flores<\/td><td>2\u00b0 Vocal &#8211; Alterno<\/td><td>0955604541<\/td><\/tr><tr><td>Luis Edwin<\/td><td>Mendoza Zambrano<\/td><td>3\u00b0 Vocal &#8211; Principal<\/td><td>0919387050<\/td><\/tr><tr><td>Reynaldo Isa\u00edas<\/td><td>\u00c1valos Gonz\u00e1les<\/td><td>3\u00b0 Vocal &#8211; Alterno<\/td><td>0951874619<\/td><\/tr><\/tbody><\/table><\/figure>\n\n\n\n<p class=\"has-medium-font-size\">En referencia a los docentes representantes ante el OCS, los resultados fueron los siguientes:<\/p>\n\n\n\n<p class=\"has-medium-font-size\"><strong>REPRESENTANTE MUJER ANTE EL OCS<\/strong><\/p>\n\n\n\n<figure class=\"wp-block-table\"><table><tbody><tr><td><strong>OPCIONES<\/strong><\/td><td><strong>VOTOS<\/strong><\/td><td><strong>PORCENTAJE<\/strong><\/td><\/tr><tr><td>LISTA: Rita Rizzo (principal) y Leonardo Garc\u00eda (alterno)<\/td><td>59<\/td><td>64.83%<\/td><\/tr><tr><td>BLANCO<\/td><td>04<\/td><td>04.40%<\/td><\/tr><tr><td>NULO<\/td><td>28<\/td><td>30.77%<\/td><\/tr><tr><td><strong>TOTAL<\/strong><\/td><td>91<\/td><td>100%<\/td><\/tr><\/tbody><\/table><\/figure>\n\n\n\n<p class=\"has-medium-font-size\"><strong>El Consejo Electoral declar\u00f3 como ganadora a la LISTA: Rita Rizzo (principal) y Leonardo Garc\u00eda (alterno)<\/strong><\/p>\n\n\n\n<p class=\"has-medium-font-size\"><strong>REPRESENTANTE HOMBRE ANTE EL OCS<\/strong><\/p>\n\n\n\n<figure class=\"wp-block-table\"><table><tbody><tr><td><strong>OPCIONES<\/strong><\/td><td><strong>VOTOS<\/strong><\/td><td><strong>PORCENTAJE<\/strong><\/td><\/tr><tr><td>LISTA: John Tigre (principal) y G\u00e9nesis Alarc\u00f3n (alterno)<\/td><td>39<\/td><td>42.86%<\/td><\/tr><tr><td>BLANCO<\/td><td>14<\/td><td>15.38%<\/td><\/tr><tr><td>NULO<\/td><td>38<\/td><td>41.76%<\/td><\/tr><tr><td><strong>TOTAL<\/strong><\/td><td>91<\/td><td>100%<\/td><\/tr><\/tbody><\/table><\/figure>\n\n\n\n<p class=\"has-medium-font-size\"><strong><strong>El Consejo Electoral declar\u00f3 como ganadora a la LISTA: John Tigre (principal) y G\u00e9nesis Alarc\u00f3n (alterno)<\/strong><\/strong><\/p>\n\n\n\n<p class=\"has-text-align-center has-medium-font-size\"><strong>Agradecemos a todos los docentes y estudiantes por su valiosa participaci\u00f3n en este proceso de elecciones 2024, porque son ustedes los que dan sentido a la democracia.<\/strong><\/p>\n\n\n\n<h2 class=\"wp-block-heading has-text-align-center\">POSESI\u00d3N DE NUEVOS INTEGRANTES DEL OCS<\/h2>\n\n\n\n<hr class=\"wp-block-separator has-alpha-channel-opacity\"\/>\n\n\n\n<p>El Rector del Instituto Superior Tecnol\u00f3gico Vicente Rocafuerte, procedi\u00f3 a realizar la posesi\u00f3n de los nuevos representantes del OCS, ganadores por elecci\u00f3n popular de la comunidad del ISTVR, el 27 de mayo de 2024<\/p>\n\n\n<div class=\"pgc-sgb-cb wp-block-pgcsimplygalleryblock-viewer \" data-gallery-id=\"ea881782\"><div class=\"sgb-preloader\" id=\"pr_ea881782\">\n\t<div class=\"sgb-square\" style=\"background:#d4d4d4\"><\/div>\n\t<div class=\"sgb-square\" style=\"background:#d4d4d4\"><\/div>\n\t<div class=\"sgb-square\" style=\"background:#d4d4d4\"><\/div>\n\t<div class=\"sgb-square\" style=\"background:#d4d4d4\"><\/div><\/div><div class=\"simply-gallery-amp pgc_sgb_slider \" style=\"display: none;\"><div class=\"sgb-gallery\"><div class=\"sgb-item\"><a href=\"https:\/\/istvr.edu.ec\/web\/2024\/05\/27\/resultados-de-elecciones-istvr-2024\/representante-estudiantes\/\" target=\"_blank\"><img decoding=\"async\" alt=\"\" width=\"225\" height=\"300\" loading=\"lazy\" src=\"http:\/\/istvr.edu.ec\/web\/wp-content\/uploads\/2024\/05\/Representante-Estudiantes-225x300.jpeg\" srcset=\"http:\/\/istvr.edu.ec\/web\/wp-content\/uploads\/2024\/05\/Representante-Estudiantes-225x300.jpeg 225w,http:\/\/istvr.edu.ec\/web\/wp-content\/uploads\/2024\/05\/Representante-Estudiantes-769x1024.jpeg 769w,http:\/\/istvr.edu.ec\/web\/wp-content\/uploads\/2024\/05\/Representante-Estudiantes-scaled.jpeg 1922w\" sizes=\"auto, 250px\"\/><\/a><\/div><div class=\"sgb-item\"><a href=\"https:\/\/istvr.edu.ec\/web\/2024\/05\/27\/resultados-de-elecciones-istvr-2024\/representantes-docentes\/\" target=\"_blank\"><img decoding=\"async\" alt=\"\" width=\"225\" height=\"300\" loading=\"lazy\" src=\"http:\/\/istvr.edu.ec\/web\/wp-content\/uploads\/2024\/05\/Representantes-Docentes-225x300.jpeg\" srcset=\"http:\/\/istvr.edu.ec\/web\/wp-content\/uploads\/2024\/05\/Representantes-Docentes-225x300.jpeg 225w,http:\/\/istvr.edu.ec\/web\/wp-content\/uploads\/2024\/05\/Representantes-Docentes-769x1024.jpeg 769w,http:\/\/istvr.edu.ec\/web\/wp-content\/uploads\/2024\/05\/Representantes-Docentes-scaled.jpeg 1922w\" sizes=\"auto, 250px\"\/><\/a><\/div><\/div><\/div><script type=\"application\/json\" class=\"sgb-data\">{\"galleryType\":\"pgc_sgb_viewer\",\"galleryId\":\"ea881782\",\"images\":[{\"id\":4455,\"title\":\"Representante Estudiantes\",\"url\":\"http:\/\/istvr.edu.ec\/web\/wp-content\/uploads\/2024\/05\/Representante-Estudiantes-scaled.jpeg\",\"link\":\"https:\/\/istvr.edu.ec\/web\/2024\/05\/27\/resultados-de-elecciones-istvr-2024\/representante-estudiantes\/\",\"alt\":\"\",\"description\":\"\",\"caption\":\"\",\"mime\":\"image\/jpeg\",\"type\":\"image\",\"width\":1922,\"height\":2560,\"sizes\":{\"thumbnail\":{\"height\":150,\"width\":150,\"url\":\"http:\/\/istvr.edu.ec\/web\/wp-content\/uploads\/2024\/05\/Representante-Estudiantes-150x150.jpeg\",\"orientation\":\"landscape\"},\"medium\":{\"height\":300,\"width\":225,\"url\":\"http:\/\/istvr.edu.ec\/web\/wp-content\/uploads\/2024\/05\/Representante-Estudiantes-225x300.jpeg\",\"orientation\":\"portrait\"},\"large\":{\"height\":1024,\"width\":769,\"url\":\"http:\/\/istvr.edu.ec\/web\/wp-content\/uploads\/2024\/05\/Representante-Estudiantes-769x1024.jpeg\",\"orientation\":\"portrait\"},\"full\":{\"url\":\"http:\/\/istvr.edu.ec\/web\/wp-content\/uploads\/2024\/05\/Representante-Estudiantes-scaled.jpeg\",\"height\":2560,\"width\":1922,\"orientation\":\"portrait\"}},\"imageMeta\":{\"aperture\":\"0\",\"credit\":\"\",\"camera\":\"\",\"caption\":\"\",\"created_timestamp\":\"0\",\"copyright\":\"\",\"focal_length\":\"0\",\"iso\":\"0\",\"shutter_speed\":\"0\",\"title\":\"\",\"orientation\":\"0\",\"keywords\":[]},\"meta\":false,\"postlink\":\"https:\/\/istvr.edu.ec\/web\/2024\/05\/27\/resultados-de-elecciones-istvr-2024\/representante-estudiantes\/\"},{\"id\":4456,\"title\":\"Representantes Docentes\",\"url\":\"http:\/\/istvr.edu.ec\/web\/wp-content\/uploads\/2024\/05\/Representantes-Docentes-scaled.jpeg\",\"link\":\"https:\/\/istvr.edu.ec\/web\/2024\/05\/27\/resultados-de-elecciones-istvr-2024\/representantes-docentes\/\",\"alt\":\"\",\"description\":\"\",\"caption\":\"\",\"mime\":\"image\/jpeg\",\"type\":\"image\",\"width\":1922,\"height\":2560,\"sizes\":{\"thumbnail\":{\"height\":150,\"width\":150,\"url\":\"http:\/\/istvr.edu.ec\/web\/wp-content\/uploads\/2024\/05\/Representantes-Docentes-150x150.jpeg\",\"orientation\":\"landscape\"},\"medium\":{\"height\":300,\"width\":225,\"url\":\"http:\/\/istvr.edu.ec\/web\/wp-content\/uploads\/2024\/05\/Representantes-Docentes-225x300.jpeg\",\"orientation\":\"portrait\"},\"large\":{\"height\":1024,\"width\":769,\"url\":\"http:\/\/istvr.edu.ec\/web\/wp-content\/uploads\/2024\/05\/Representantes-Docentes-769x1024.jpeg\",\"orientation\":\"portrait\"},\"full\":{\"url\":\"http:\/\/istvr.edu.ec\/web\/wp-content\/uploads\/2024\/05\/Representantes-Docentes-scaled.jpeg\",\"height\":2560,\"width\":1922,\"orientation\":\"portrait\"}},\"imageMeta\":{\"aperture\":\"0\",\"credit\":\"\",\"camera\":\"\",\"caption\":\"\",\"created_timestamp\":\"0\",\"copyright\":\"\",\"focal_length\":\"0\",\"iso\":\"0\",\"shutter_speed\":\"0\",\"title\":\"\",\"orientation\":\"0\",\"keywords\":[]},\"meta\":false,\"postlink\":\"https:\/\/istvr.edu.ec\/web\/2024\/05\/27\/resultados-de-elecciones-istvr-2024\/representantes-docentes\/\"}],\"collectionColumns\":5,\"itemsMetaDataCollection\":[]}<\/script><script>(function(){if(window.PGC_SGB && window.PGC_SGB.searcher){window.PGC_SGB.searcher.initBlocks()}})()<\/script><\/div>","protected":false},"excerpt":{"rendered":"<p>El 27 de mayo de 2024, se realiz\u00f3 la jornada democr\u00e1tica para elegir a los representantes docentes y representantes al Consejo Estudiantil, [&hellip;]<\/p>\n","protected":false},"author":1,"featured_media":4355,"comment_status":"closed","ping_status":"open","sticky":false,"template":"","format":"standard","meta":{"pgc_sgb_lightbox_settings":"","footnotes":""},"categories":[3],"tags":[],"class_list":["post-4352","post","type-post","status-publish","format-standard","has-post-thumbnail","hentry","category-work"],"_links":{"self":[{"href":"https:\/\/istvr.edu.ec\/web\/wp-json\/wp\/v2\/posts\/4352","targetHints":{"allow":["GET"]}}],"collection":[{"href":"https:\/\/istvr.edu.ec\/web\/wp-json\/wp\/v2\/posts"}],"about":[{"href":"https:\/\/istvr.edu.ec\/web\/wp-json\/wp\/v2\/types\/post"}],"author":[{"embeddable":true,"href":"https:\/\/istvr.edu.ec\/web\/wp-json\/wp\/v2\/users\/1"}],"replies":[{"embeddable":true,"href":"https:\/\/istvr.edu.ec\/web\/wp-json\/wp\/v2\/comments?post=4352"}],"version-history":[{"count":6,"href":"https:\/\/istvr.edu.ec\/web\/wp-json\/wp\/v2\/posts\/4352\/revisions"}],"predecessor-version":[{"id":4457,"href":"https:\/\/istvr.edu.ec\/web\/wp-json\/wp\/v2\/posts\/4352\/revisions\/4457"}],"wp:featuredmedia":[{"embeddable":true,"href":"https:\/\/istvr.edu.ec\/web\/wp-json\/wp\/v2\/media\/4355"}],"wp:attachment":[{"href":"https:\/\/istvr.edu.ec\/web\/wp-json\/wp\/v2\/media?parent=4352"}],"wp:term":[{"taxonomy":"category","embeddable":true,"href":"https:\/\/istvr.edu.ec\/web\/wp-json\/wp\/v2\/categories?post=4352"},{"taxonomy":"post_tag","embeddable":true,"href":"https:\/\/istvr.edu.ec\/web\/wp-json\/wp\/v2\/tags?post=4352"}],"curies":[{"name":"wp","href":"https:\/\/api.w.org\/{rel}","templated":true}]}}