{"id":3482,"date":"2023-10-26T15:55:55","date_gmt":"2023-10-26T20:55:55","guid":{"rendered":"https:\/\/istvr.edu.ec\/web\/?p=3482"},"modified":"2023-10-26T15:55:55","modified_gmt":"2023-10-26T20:55:55","slug":"tecnologas-en-desarrollo-integral-infantil","status":"publish","type":"post","link":"https:\/\/istvr.edu.ec\/web\/2023\/10\/26\/tecnologas-en-desarrollo-integral-infantil\/","title":{"rendered":"Tecn\u00f3logas en Desarrollo Integral Infantil"},"content":{"rendered":"\n<p>El Ministerio de Inclusi\u00f3n Econ\u00f3mica y Social MIES cuenta con 255 nuevas educadoras, las nuevas profesionales lograron obtener el t\u00edtulo de tercer nivel en la carrera de Tecnolog\u00eda en Desarrollo Infantil Integral otorgado por el Instituto Superior Tecnol\u00f3gico Vicente Rocafuerte. Autoridades, padres de familia, directivos e invitados especiales acompa\u00f1aron a las neotecn\u00f3logas durante la graduaci\u00f3n.<\/p>\n\n\n\n<figure class=\"wp-block-image size-large\"><img loading=\"lazy\" decoding=\"async\" width=\"1024\" height=\"768\" src=\"https:\/\/istvr.edu.ec\/web\/wp-content\/uploads\/2023\/10\/DII-1-1024x768.jpeg\" alt=\"\" class=\"wp-image-3484\" srcset=\"https:\/\/istvr.edu.ec\/web\/wp-content\/uploads\/2023\/10\/DII-1-1024x768.jpeg 1024w, https:\/\/istvr.edu.ec\/web\/wp-content\/uploads\/2023\/10\/DII-1-300x225.jpeg 300w, https:\/\/istvr.edu.ec\/web\/wp-content\/uploads\/2023\/10\/DII-1-768x576.jpeg 768w, https:\/\/istvr.edu.ec\/web\/wp-content\/uploads\/2023\/10\/DII-1-1536x1152.jpeg 1536w, https:\/\/istvr.edu.ec\/web\/wp-content\/uploads\/2023\/10\/DII-1-1000x750.jpeg 1000w, https:\/\/istvr.edu.ec\/web\/wp-content\/uploads\/2023\/10\/DII-1-230x173.jpeg 230w, https:\/\/istvr.edu.ec\/web\/wp-content\/uploads\/2023\/10\/DII-1-350x263.jpeg 350w, https:\/\/istvr.edu.ec\/web\/wp-content\/uploads\/2023\/10\/DII-1-480x360.jpeg 480w, https:\/\/istvr.edu.ec\/web\/wp-content\/uploads\/2023\/10\/DII-1.jpeg 1600w\" sizes=\"auto, (max-width: 1024px) 100vw, 1024px\" \/><\/figure>\n\n\n\n<p>La rectora encargada del ISTVR, Alma Zeballos, manifest\u00f3 que la formaci\u00f3n profesional representa un avance fundamental en la implementaci\u00f3n de las pol\u00edticas p\u00fablicas de desarrollo infantil. \u201c y que sean excelentes profesionales pero tambien buenas personas, correctas y respetuosas ya que eso los destaca como profesionales y en la sociedad\u201d , se\u00f1al\u00f3.<\/p>\n\n\n\n<p>RECONOCIMIENTOS<br>En la ceremonia tambi\u00e9n se entregaron importantes reconocimientos, entre ellos a la mejor graduada de la promoci\u00f3n fue la tecn\u00f3loga Ruth Katherine Marmolejo Santill\u00e1n, quien recibi\u00f3 una menci\u00f3n de honor y una presea por su m\u00e9rito acad\u00e9mico. \u201cFueron a\u00f1os de gran sacrificio, incertidumbre que involucran algunos momentos de estr\u00e9s, sin lugar a dudas nos dejaron numerosas experiencias y aprendizajes\u2026\u201d, expres\u00f3 en su intervenci\u00f3n la mejor egresada.<\/p>\n\n\n\n<figure class=\"wp-block-image size-large\"><img loading=\"lazy\" decoding=\"async\" width=\"1024\" height=\"768\" src=\"https:\/\/istvr.edu.ec\/web\/wp-content\/uploads\/2023\/10\/DII-1024x768.jpeg\" alt=\"\" class=\"wp-image-3485\" srcset=\"https:\/\/istvr.edu.ec\/web\/wp-content\/uploads\/2023\/10\/DII-1024x768.jpeg 1024w, https:\/\/istvr.edu.ec\/web\/wp-content\/uploads\/2023\/10\/DII-300x225.jpeg 300w, https:\/\/istvr.edu.ec\/web\/wp-content\/uploads\/2023\/10\/DII-768x576.jpeg 768w, https:\/\/istvr.edu.ec\/web\/wp-content\/uploads\/2023\/10\/DII-1536x1152.jpeg 1536w, https:\/\/istvr.edu.ec\/web\/wp-content\/uploads\/2023\/10\/DII-1000x750.jpeg 1000w, https:\/\/istvr.edu.ec\/web\/wp-content\/uploads\/2023\/10\/DII-230x173.jpeg 230w, https:\/\/istvr.edu.ec\/web\/wp-content\/uploads\/2023\/10\/DII-350x263.jpeg 350w, https:\/\/istvr.edu.ec\/web\/wp-content\/uploads\/2023\/10\/DII-480x360.jpeg 480w, https:\/\/istvr.edu.ec\/web\/wp-content\/uploads\/2023\/10\/DII.jpeg 1600w\" sizes=\"auto, (max-width: 1024px) 100vw, 1024px\" \/><\/figure>\n\n\n\n<p>Silvia Patricia Tigrero Alc\u00edvar tambi\u00e9n fue reconocida por sus logros acad\u00e9micos en esta carrera. Al acto solemne asistieron autoridades, padres de familia y docentes y se realiz\u00f3 en el auditorio del Instituto Superior Tecnol\u00f3gico Bolivariano.<\/p>\n","protected":false},"excerpt":{"rendered":"<p>El Ministerio de Inclusi\u00f3n Econ\u00f3mica y Social MIES cuenta con 255 nuevas educadoras, las nuevas profesionales lograron obtener el t\u00edtulo de tercer [&hellip;]<\/p>\n","protected":false},"author":1,"featured_media":3483,"comment_status":"open","ping_status":"open","sticky":false,"template":"","format":"standard","meta":{"pgc_sgb_lightbox_settings":"","footnotes":""},"categories":[3],"tags":[],"class_list":["post-3482","post","type-post","status-publish","format-standard","has-post-thumbnail","hentry","category-work"],"_links":{"self":[{"href":"https:\/\/istvr.edu.ec\/web\/wp-json\/wp\/v2\/posts\/3482","targetHints":{"allow":["GET"]}}],"collection":[{"href":"https:\/\/istvr.edu.ec\/web\/wp-json\/wp\/v2\/posts"}],"about":[{"href":"https:\/\/istvr.edu.ec\/web\/wp-json\/wp\/v2\/types\/post"}],"author":[{"embeddable":true,"href":"https:\/\/istvr.edu.ec\/web\/wp-json\/wp\/v2\/users\/1"}],"replies":[{"embeddable":true,"href":"https:\/\/istvr.edu.ec\/web\/wp-json\/wp\/v2\/comments?post=3482"}],"version-history":[{"count":1,"href":"https:\/\/istvr.edu.ec\/web\/wp-json\/wp\/v2\/posts\/3482\/revisions"}],"predecessor-version":[{"id":3486,"href":"https:\/\/istvr.edu.ec\/web\/wp-json\/wp\/v2\/posts\/3482\/revisions\/3486"}],"wp:featuredmedia":[{"embeddable":true,"href":"https:\/\/istvr.edu.ec\/web\/wp-json\/wp\/v2\/media\/3483"}],"wp:attachment":[{"href":"https:\/\/istvr.edu.ec\/web\/wp-json\/wp\/v2\/media?parent=3482"}],"wp:term":[{"taxonomy":"category","embeddable":true,"href":"https:\/\/istvr.edu.ec\/web\/wp-json\/wp\/v2\/categories?post=3482"},{"taxonomy":"post_tag","embeddable":true,"href":"https:\/\/istvr.edu.ec\/web\/wp-json\/wp\/v2\/tags?post=3482"}],"curies":[{"name":"wp","href":"https:\/\/api.w.org\/{rel}","templated":true}]}}