{"id":3470,"date":"2023-10-26T15:50:35","date_gmt":"2023-10-26T20:50:35","guid":{"rendered":"https:\/\/istvr.edu.ec\/web\/?p=3470"},"modified":"2023-10-26T15:50:35","modified_gmt":"2023-10-26T20:50:35","slug":"nuevos-profesionales-del-istvr-incorporados","status":"publish","type":"post","link":"https:\/\/istvr.edu.ec\/web\/2023\/10\/26\/nuevos-profesionales-del-istvr-incorporados\/","title":{"rendered":"Nuevos profesionales del ISTVR incorporados"},"content":{"rendered":"\n<p>En una emotiva y memorable ceremonia la Secretar\u00eda de Educaci\u00f3n Superior, Ciencia, Tecnolog\u00eda e Innovaci\u00f3n y el Instituto Superior Tecnol\u00f3gico Vicente Rocafuerte, celebr\u00f3 la graduaci\u00f3n de 1800 nuevos tecn\u00f3logos superior en catorce carreras t\u00e9cnicas y tecnol\u00f3gicas. Los flamantes profesionales que aportaran al desarrollo del pa\u00eds y est\u00e1n listos para enfrentar nuevos desaf\u00edos en sus vidas, son de las Carreras Tecnol\u00f3gicas de:<br>Banca y Finanzas, Comercio Exterior, Dise\u00f1o De Modas, Hoteler\u00eda y Turismo, Dise\u00f1os de Modas con equivalencia a Tecnolog\u00eda Superior, Inform\u00e1tica con menci\u00f3n en Ensamblaje de Equipos de C\u00f3mputos, Mantenimiento e Instalaci\u00f3n de Redes, Tecnolog\u00eda Superior en Comercio Exterior, Tecnolog\u00eda Superior en Contabilidad, Tecnolog\u00eda Superior en Dise\u00f1o y Mantenimiento de Redes, Tecnolog\u00eda Superior en Turismo, Tecnolog\u00eda Superior en Ensamblaje y Mantenimiento de Equipos de C\u00f3mputo.<\/p>\n\n\n\n<figure class=\"wp-block-image size-large\"><img loading=\"lazy\" decoding=\"async\" width=\"848\" height=\"1024\" src=\"https:\/\/istvr.edu.ec\/web\/wp-content\/uploads\/2023\/10\/CEREMONIA-ITVR_01-848x1024.png\" alt=\"\" class=\"wp-image-3471\" srcset=\"https:\/\/istvr.edu.ec\/web\/wp-content\/uploads\/2023\/10\/CEREMONIA-ITVR_01-848x1024.png 848w, https:\/\/istvr.edu.ec\/web\/wp-content\/uploads\/2023\/10\/CEREMONIA-ITVR_01-248x300.png 248w, https:\/\/istvr.edu.ec\/web\/wp-content\/uploads\/2023\/10\/CEREMONIA-ITVR_01-768x928.png 768w, https:\/\/istvr.edu.ec\/web\/wp-content\/uploads\/2023\/10\/CEREMONIA-ITVR_01-1000x1208.png 1000w, https:\/\/istvr.edu.ec\/web\/wp-content\/uploads\/2023\/10\/CEREMONIA-ITVR_01-230x278.png 230w, https:\/\/istvr.edu.ec\/web\/wp-content\/uploads\/2023\/10\/CEREMONIA-ITVR_01-350x423.png 350w, https:\/\/istvr.edu.ec\/web\/wp-content\/uploads\/2023\/10\/CEREMONIA-ITVR_01-480x580.png 480w, https:\/\/istvr.edu.ec\/web\/wp-content\/uploads\/2023\/10\/CEREMONIA-ITVR_01.png 1106w\" sizes=\"auto, (max-width: 848px) 100vw, 848px\" \/><\/figure>\n\n\n\n<p>Llenos de alegr\u00eda y sue\u00f1os cumplidos y acompa\u00f1ados de sus familiares los 1800 egresados del Instituto Superior Tecnol\u00f3gico Vicente Rocafuerte, acudieron a obtener sus t\u00edtulos de Tercer Nivel a la ceremonia que realiz\u00f3 esta entidad de Educaci\u00f3n Superior el viernes 20 de octubre 2023. En el transcurso de los periodos acad\u00e9micos los nuevos profesionales se prepararon para generar acciones en los servicios esenciales que aportaran la transformaci\u00f3n y al desarrollo del pa\u00eds, form\u00e1ndose con esp\u00edritu emprendedor, investigativo, human\u00edstico y, sobre todo, comprometidos con el desarrollo y progreso de la sociedad.<\/p>\n\n\n\n<figure class=\"wp-block-image size-large\"><img loading=\"lazy\" decoding=\"async\" width=\"848\" height=\"1024\" src=\"https:\/\/istvr.edu.ec\/web\/wp-content\/uploads\/2023\/10\/CEREMONIA-ITVR_02-848x1024.png\" alt=\"\" class=\"wp-image-3472\" srcset=\"https:\/\/istvr.edu.ec\/web\/wp-content\/uploads\/2023\/10\/CEREMONIA-ITVR_02-848x1024.png 848w, https:\/\/istvr.edu.ec\/web\/wp-content\/uploads\/2023\/10\/CEREMONIA-ITVR_02-249x300.png 249w, https:\/\/istvr.edu.ec\/web\/wp-content\/uploads\/2023\/10\/CEREMONIA-ITVR_02-768x927.png 768w, https:\/\/istvr.edu.ec\/web\/wp-content\/uploads\/2023\/10\/CEREMONIA-ITVR_02-1000x1207.png 1000w, https:\/\/istvr.edu.ec\/web\/wp-content\/uploads\/2023\/10\/CEREMONIA-ITVR_02-230x278.png 230w, https:\/\/istvr.edu.ec\/web\/wp-content\/uploads\/2023\/10\/CEREMONIA-ITVR_02-350x422.png 350w, https:\/\/istvr.edu.ec\/web\/wp-content\/uploads\/2023\/10\/CEREMONIA-ITVR_02-480x579.png 480w, https:\/\/istvr.edu.ec\/web\/wp-content\/uploads\/2023\/10\/CEREMONIA-ITVR_02.png 1107w\" sizes=\"auto, (max-width: 848px) 100vw, 848px\" \/><\/figure>\n\n\n\n<p>En su mensaje a los profesionales la master Alma Zeballos, rectora encargada, ofreci\u00f3 un inspirador discurso, animando a los graduados a abrazar el futuro con confianza y determinaci\u00f3n, felicit\u00f3 a los graduados por su arduo trabajo y destac\u00f3 la importancia de la educaci\u00f3n t\u00e9cnica y tecnol\u00f3gica en la formaci\u00f3n de futuros l\u00edderes y ciudadanos comprometidos. Tambien mencion\u00f3 que \u201cSean excelentes profesionales pero tambien buenas personas, correctas y respetuosas ya que eso los destaca como profesionales y en la sociedad\u201d se\u00f1al\u00f3.<\/p>\n\n\n\n<figure class=\"wp-block-image size-large\"><img loading=\"lazy\" decoding=\"async\" width=\"848\" height=\"1024\" src=\"https:\/\/istvr.edu.ec\/web\/wp-content\/uploads\/2023\/10\/CEREMONIA-ITVR_03-848x1024.png\" alt=\"\" class=\"wp-image-3473\" srcset=\"https:\/\/istvr.edu.ec\/web\/wp-content\/uploads\/2023\/10\/CEREMONIA-ITVR_03-848x1024.png 848w, https:\/\/istvr.edu.ec\/web\/wp-content\/uploads\/2023\/10\/CEREMONIA-ITVR_03-248x300.png 248w, https:\/\/istvr.edu.ec\/web\/wp-content\/uploads\/2023\/10\/CEREMONIA-ITVR_03-768x928.png 768w, https:\/\/istvr.edu.ec\/web\/wp-content\/uploads\/2023\/10\/CEREMONIA-ITVR_03-1000x1208.png 1000w, https:\/\/istvr.edu.ec\/web\/wp-content\/uploads\/2023\/10\/CEREMONIA-ITVR_03-230x278.png 230w, https:\/\/istvr.edu.ec\/web\/wp-content\/uploads\/2023\/10\/CEREMONIA-ITVR_03-350x423.png 350w, https:\/\/istvr.edu.ec\/web\/wp-content\/uploads\/2023\/10\/CEREMONIA-ITVR_03-480x580.png 480w, https:\/\/istvr.edu.ec\/web\/wp-content\/uploads\/2023\/10\/CEREMONIA-ITVR_03.png 1106w\" sizes=\"auto, (max-width: 848px) 100vw, 848px\" \/><\/figure>\n\n\n\n<p>Por su parte, Mildred Irina Cevallos Noboa, de la carrera Dise\u00f1o de Modas quien obtuvo las m\u00e1s altas calificaciones con un promedio de 9.88 recibi\u00f3 un reconocimiento por ser la mejor graduado de la promoci\u00f3n en su discurso reconoci\u00f3 el esfuerzo de sus compa\u00f1eros que lograron su meta y resalt\u00f3 la labor de los catedr\u00e1ticos, agradeci\u00f3 por aquellos que le brindaron apoyo y consejos que le han servido de crecimiento, se\u00f1al\u00f3<\/p>\n\n\n\n<figure class=\"wp-block-image size-large\"><img loading=\"lazy\" decoding=\"async\" width=\"848\" height=\"1024\" src=\"https:\/\/istvr.edu.ec\/web\/wp-content\/uploads\/2023\/10\/CEREMONIA-ITVR_04-848x1024.png\" alt=\"\" class=\"wp-image-3474\" srcset=\"https:\/\/istvr.edu.ec\/web\/wp-content\/uploads\/2023\/10\/CEREMONIA-ITVR_04-848x1024.png 848w, https:\/\/istvr.edu.ec\/web\/wp-content\/uploads\/2023\/10\/CEREMONIA-ITVR_04-249x300.png 249w, https:\/\/istvr.edu.ec\/web\/wp-content\/uploads\/2023\/10\/CEREMONIA-ITVR_04-768x927.png 768w, https:\/\/istvr.edu.ec\/web\/wp-content\/uploads\/2023\/10\/CEREMONIA-ITVR_04-1000x1207.png 1000w, https:\/\/istvr.edu.ec\/web\/wp-content\/uploads\/2023\/10\/CEREMONIA-ITVR_04-230x278.png 230w, https:\/\/istvr.edu.ec\/web\/wp-content\/uploads\/2023\/10\/CEREMONIA-ITVR_04-350x422.png 350w, https:\/\/istvr.edu.ec\/web\/wp-content\/uploads\/2023\/10\/CEREMONIA-ITVR_04-480x579.png 480w, https:\/\/istvr.edu.ec\/web\/wp-content\/uploads\/2023\/10\/CEREMONIA-ITVR_04.png 1107w\" sizes=\"auto, (max-width: 848px) 100vw, 848px\" \/><\/figure>\n\n\n\n<p>RECONOCIMIENTO<br>En la ceremonia tambi\u00e9n se reconoci\u00f3 el esfuerzo de otros egresados por sus logros acad\u00e9micos sobresalientes, as\u00ed como por su contribuci\u00f3n a la comunidad, en ese contexto recibieron diplomas de honor:<\/p>\n\n\n\n<figure class=\"wp-block-image size-large\"><img loading=\"lazy\" decoding=\"async\" width=\"848\" height=\"1024\" src=\"https:\/\/istvr.edu.ec\/web\/wp-content\/uploads\/2023\/10\/CEREMONIA-ITVR_05-848x1024.png\" alt=\"\" class=\"wp-image-3475\" srcset=\"https:\/\/istvr.edu.ec\/web\/wp-content\/uploads\/2023\/10\/CEREMONIA-ITVR_05-848x1024.png 848w, https:\/\/istvr.edu.ec\/web\/wp-content\/uploads\/2023\/10\/CEREMONIA-ITVR_05-248x300.png 248w, https:\/\/istvr.edu.ec\/web\/wp-content\/uploads\/2023\/10\/CEREMONIA-ITVR_05-768x928.png 768w, https:\/\/istvr.edu.ec\/web\/wp-content\/uploads\/2023\/10\/CEREMONIA-ITVR_05-1000x1208.png 1000w, https:\/\/istvr.edu.ec\/web\/wp-content\/uploads\/2023\/10\/CEREMONIA-ITVR_05-230x278.png 230w, https:\/\/istvr.edu.ec\/web\/wp-content\/uploads\/2023\/10\/CEREMONIA-ITVR_05-350x423.png 350w, https:\/\/istvr.edu.ec\/web\/wp-content\/uploads\/2023\/10\/CEREMONIA-ITVR_05-480x580.png 480w, https:\/\/istvr.edu.ec\/web\/wp-content\/uploads\/2023\/10\/CEREMONIA-ITVR_05.png 1106w\" sizes=\"auto, (max-width: 848px) 100vw, 848px\" \/><\/figure>\n\n\n\n<p>Candy Dayanera Moran Ruiz, Tecn\u00f3loga Superior De La Carrera Comercio Exterior<br>Vanessa Cecilia Crespo Trape, Tecnolog\u00eda Superior en Ensamblaje y Mantenimiento de Equipo De Computo.<br>Joselyn Valentina Simisterra Fajardo, Tecn\u00f3loga En Comercio Exterior<br>Anny Maran Reyes Reyes, Tecn\u00f3loga Superior en Turismo<br>Mariuxi Soledad Guerrero Vaca, Tecn\u00f3loga en Dise\u00f1o de Modas<br>Flora Azucena Otavalo Quinchguango, Hoteler\u00eda y Turismo.<br>Ruth Katherine Marmolejo Santill\u00e1n, Tecnolog\u00eda en Desarrolla Infantil Integral<br>Renato Arceno Quezada Villafuerte, Tecnolog\u00eda Superior en Dise\u00f1o y Mantenimiento de Redes.<br>Jefferson Wladimir Ramos Rizzo, Inform\u00e1tica con Menci\u00f3n en Mantenimiento e Instalaci\u00f3n de Redes.<br>Silvia Patricia Tigrero Alc\u00edvar, Tecnolog\u00eda Superior en Desarrollo Infantil Integral<br>Nahomi Ninoska Fierro Cruel, de la Carrera Tecnolog\u00eda Superior en Contabilidad.<br>Damaris Solange L\u00f3pez Qui\u00f1onez, tecnolog\u00eda Superior Banco y Finanzas<br>Tanya Dayana S\u00e1nchez Alvarado, Inform\u00e1tica con Menci\u00f3n en Ensamblaje de Equipo de C\u00f3mputo.<\/p>\n\n\n\n<figure class=\"wp-block-image size-large\"><img loading=\"lazy\" decoding=\"async\" width=\"848\" height=\"1024\" src=\"https:\/\/istvr.edu.ec\/web\/wp-content\/uploads\/2023\/10\/CEREMONIA-ITVR_06-848x1024.png\" alt=\"\" class=\"wp-image-3476\" srcset=\"https:\/\/istvr.edu.ec\/web\/wp-content\/uploads\/2023\/10\/CEREMONIA-ITVR_06-848x1024.png 848w, https:\/\/istvr.edu.ec\/web\/wp-content\/uploads\/2023\/10\/CEREMONIA-ITVR_06-248x300.png 248w, https:\/\/istvr.edu.ec\/web\/wp-content\/uploads\/2023\/10\/CEREMONIA-ITVR_06-768x928.png 768w, https:\/\/istvr.edu.ec\/web\/wp-content\/uploads\/2023\/10\/CEREMONIA-ITVR_06-1000x1208.png 1000w, https:\/\/istvr.edu.ec\/web\/wp-content\/uploads\/2023\/10\/CEREMONIA-ITVR_06-230x278.png 230w, https:\/\/istvr.edu.ec\/web\/wp-content\/uploads\/2023\/10\/CEREMONIA-ITVR_06-350x423.png 350w, https:\/\/istvr.edu.ec\/web\/wp-content\/uploads\/2023\/10\/CEREMONIA-ITVR_06-480x580.png 480w, https:\/\/istvr.edu.ec\/web\/wp-content\/uploads\/2023\/10\/CEREMONIA-ITVR_06.png 1106w\" sizes=\"auto, (max-width: 848px) 100vw, 848px\" \/><\/figure>\n\n\n\n<p>Al acto solemne asistieron autoridades, padres de familia y docente y se realiz\u00f3 en el auditorio del Instituto Superior Tecnol\u00f3gico Bolivariano.<\/p>\n\n\n\n<figure class=\"wp-block-gallery has-nested-images columns-default is-cropped wp-block-gallery-1 is-layout-flex wp-block-gallery-is-layout-flex\">\n<figure class=\"wp-block-image size-large\"><img loading=\"lazy\" decoding=\"async\" width=\"848\" height=\"1024\" data-id=\"3477\" src=\"https:\/\/istvr.edu.ec\/web\/wp-content\/uploads\/2023\/10\/CEREMONIA-ITVR_07-848x1024.png\" alt=\"\" class=\"wp-image-3477\" srcset=\"https:\/\/istvr.edu.ec\/web\/wp-content\/uploads\/2023\/10\/CEREMONIA-ITVR_07-848x1024.png 848w, https:\/\/istvr.edu.ec\/web\/wp-content\/uploads\/2023\/10\/CEREMONIA-ITVR_07-249x300.png 249w, https:\/\/istvr.edu.ec\/web\/wp-content\/uploads\/2023\/10\/CEREMONIA-ITVR_07-768x927.png 768w, https:\/\/istvr.edu.ec\/web\/wp-content\/uploads\/2023\/10\/CEREMONIA-ITVR_07-1000x1207.png 1000w, https:\/\/istvr.edu.ec\/web\/wp-content\/uploads\/2023\/10\/CEREMONIA-ITVR_07-230x278.png 230w, https:\/\/istvr.edu.ec\/web\/wp-content\/uploads\/2023\/10\/CEREMONIA-ITVR_07-350x422.png 350w, https:\/\/istvr.edu.ec\/web\/wp-content\/uploads\/2023\/10\/CEREMONIA-ITVR_07-480x579.png 480w, https:\/\/istvr.edu.ec\/web\/wp-content\/uploads\/2023\/10\/CEREMONIA-ITVR_07.png 1107w\" sizes=\"auto, (max-width: 848px) 100vw, 848px\" \/><\/figure>\n\n\n\n<figure class=\"wp-block-image size-large\"><img loading=\"lazy\" decoding=\"async\" width=\"848\" height=\"1024\" data-id=\"3479\" src=\"https:\/\/istvr.edu.ec\/web\/wp-content\/uploads\/2023\/10\/CEREMONIA-ITVR_08-848x1024.png\" alt=\"\" class=\"wp-image-3479\" srcset=\"https:\/\/istvr.edu.ec\/web\/wp-content\/uploads\/2023\/10\/CEREMONIA-ITVR_08-848x1024.png 848w, https:\/\/istvr.edu.ec\/web\/wp-content\/uploads\/2023\/10\/CEREMONIA-ITVR_08-248x300.png 248w, https:\/\/istvr.edu.ec\/web\/wp-content\/uploads\/2023\/10\/CEREMONIA-ITVR_08-768x928.png 768w, https:\/\/istvr.edu.ec\/web\/wp-content\/uploads\/2023\/10\/CEREMONIA-ITVR_08-1000x1208.png 1000w, https:\/\/istvr.edu.ec\/web\/wp-content\/uploads\/2023\/10\/CEREMONIA-ITVR_08-230x278.png 230w, https:\/\/istvr.edu.ec\/web\/wp-content\/uploads\/2023\/10\/CEREMONIA-ITVR_08-350x423.png 350w, https:\/\/istvr.edu.ec\/web\/wp-content\/uploads\/2023\/10\/CEREMONIA-ITVR_08-480x580.png 480w, https:\/\/istvr.edu.ec\/web\/wp-content\/uploads\/2023\/10\/CEREMONIA-ITVR_08.png 1106w\" sizes=\"auto, (max-width: 848px) 100vw, 848px\" \/><\/figure>\n\n\n\n<figure class=\"wp-block-image size-large\"><img loading=\"lazy\" decoding=\"async\" width=\"848\" height=\"1024\" data-id=\"3478\" src=\"https:\/\/istvr.edu.ec\/web\/wp-content\/uploads\/2023\/10\/CEREMONIA-ITVR_09-848x1024.png\" alt=\"\" class=\"wp-image-3478\" srcset=\"https:\/\/istvr.edu.ec\/web\/wp-content\/uploads\/2023\/10\/CEREMONIA-ITVR_09-848x1024.png 848w, https:\/\/istvr.edu.ec\/web\/wp-content\/uploads\/2023\/10\/CEREMONIA-ITVR_09-249x300.png 249w, https:\/\/istvr.edu.ec\/web\/wp-content\/uploads\/2023\/10\/CEREMONIA-ITVR_09-768x927.png 768w, https:\/\/istvr.edu.ec\/web\/wp-content\/uploads\/2023\/10\/CEREMONIA-ITVR_09-1000x1207.png 1000w, https:\/\/istvr.edu.ec\/web\/wp-content\/uploads\/2023\/10\/CEREMONIA-ITVR_09-230x278.png 230w, https:\/\/istvr.edu.ec\/web\/wp-content\/uploads\/2023\/10\/CEREMONIA-ITVR_09-350x422.png 350w, https:\/\/istvr.edu.ec\/web\/wp-content\/uploads\/2023\/10\/CEREMONIA-ITVR_09-480x579.png 480w, https:\/\/istvr.edu.ec\/web\/wp-content\/uploads\/2023\/10\/CEREMONIA-ITVR_09.png 1107w\" sizes=\"auto, (max-width: 848px) 100vw, 848px\" \/><\/figure>\n<\/figure>\n","protected":false},"excerpt":{"rendered":"<p>En una emotiva y memorable ceremonia la Secretar\u00eda de Educaci\u00f3n Superior, Ciencia, Tecnolog\u00eda e Innovaci\u00f3n y el Instituto Superior Tecnol\u00f3gico Vicente Rocafuerte, [&hellip;]<\/p>\n","protected":false},"author":1,"featured_media":3480,"comment_status":"open","ping_status":"open","sticky":false,"template":"","format":"standard","meta":{"pgc_sgb_lightbox_settings":"","footnotes":""},"categories":[3],"tags":[],"class_list":["post-3470","post","type-post","status-publish","format-standard","has-post-thumbnail","hentry","category-work"],"_links":{"self":[{"href":"https:\/\/istvr.edu.ec\/web\/wp-json\/wp\/v2\/posts\/3470","targetHints":{"allow":["GET"]}}],"collection":[{"href":"https:\/\/istvr.edu.ec\/web\/wp-json\/wp\/v2\/posts"}],"about":[{"href":"https:\/\/istvr.edu.ec\/web\/wp-json\/wp\/v2\/types\/post"}],"author":[{"embeddable":true,"href":"https:\/\/istvr.edu.ec\/web\/wp-json\/wp\/v2\/users\/1"}],"replies":[{"embeddable":true,"href":"https:\/\/istvr.edu.ec\/web\/wp-json\/wp\/v2\/comments?post=3470"}],"version-history":[{"count":1,"href":"https:\/\/istvr.edu.ec\/web\/wp-json\/wp\/v2\/posts\/3470\/revisions"}],"predecessor-version":[{"id":3481,"href":"https:\/\/istvr.edu.ec\/web\/wp-json\/wp\/v2\/posts\/3470\/revisions\/3481"}],"wp:featuredmedia":[{"embeddable":true,"href":"https:\/\/istvr.edu.ec\/web\/wp-json\/wp\/v2\/media\/3480"}],"wp:attachment":[{"href":"https:\/\/istvr.edu.ec\/web\/wp-json\/wp\/v2\/media?parent=3470"}],"wp:term":[{"taxonomy":"category","embeddable":true,"href":"https:\/\/istvr.edu.ec\/web\/wp-json\/wp\/v2\/categories?post=3470"},{"taxonomy":"post_tag","embeddable":true,"href":"https:\/\/istvr.edu.ec\/web\/wp-json\/wp\/v2\/tags?post=3470"}],"curies":[{"name":"wp","href":"https:\/\/api.w.org\/{rel}","templated":true}]}}