{"id":3283,"date":"2023-09-13T14:10:00","date_gmt":"2023-09-13T19:10:00","guid":{"rendered":"https:\/\/istvr.edu.ec\/web\/?p=3283"},"modified":"2023-09-13T14:10:00","modified_gmt":"2023-09-13T19:10:00","slug":"istvr-demostro-talento","status":"publish","type":"post","link":"https:\/\/istvr.edu.ec\/web\/2023\/09\/13\/istvr-demostro-talento\/","title":{"rendered":"ISTVR demostr\u00f3 talento"},"content":{"rendered":"\n<p>El Instituto Superior Tecnol\u00f3gico Vicente Rocafuerte celebr\u00f3 el mes de las artes con m\u00fasica, pintura, maquillaje art\u00edstico y flamenco, actividades que permitieron reforzar los v\u00ednculos entre las creaciones art\u00edstica y la sociedad.<br>Las demostraciones art\u00edsticas fueron realizadas por docentes de las diferentes carreras y por la ganadora show de talentos del ISTVR. Con estos espacios se busca fomentar las actividades culturales que beneficien tanto a docentes como estudiantes, adem\u00e1s de motivarlos para que el arte y la cultura, funcionen como motor de la comunicaci\u00f3n, permitiendo la expresi\u00f3n de emociones,<\/p>\n\n\n\n<figure class=\"wp-block-image size-large\"><img loading=\"lazy\" decoding=\"async\" width=\"1024\" height=\"768\" src=\"https:\/\/istvr.edu.ec\/web\/wp-content\/uploads\/2023\/09\/1-1-1024x768.jpeg\" alt=\"\" class=\"wp-image-3285\" srcset=\"https:\/\/istvr.edu.ec\/web\/wp-content\/uploads\/2023\/09\/1-1-1024x768.jpeg 1024w, https:\/\/istvr.edu.ec\/web\/wp-content\/uploads\/2023\/09\/1-1-300x225.jpeg 300w, https:\/\/istvr.edu.ec\/web\/wp-content\/uploads\/2023\/09\/1-1-768x576.jpeg 768w, https:\/\/istvr.edu.ec\/web\/wp-content\/uploads\/2023\/09\/1-1-1000x750.jpeg 1000w, https:\/\/istvr.edu.ec\/web\/wp-content\/uploads\/2023\/09\/1-1-230x173.jpeg 230w, https:\/\/istvr.edu.ec\/web\/wp-content\/uploads\/2023\/09\/1-1-350x263.jpeg 350w, https:\/\/istvr.edu.ec\/web\/wp-content\/uploads\/2023\/09\/1-1-480x360.jpeg 480w, https:\/\/istvr.edu.ec\/web\/wp-content\/uploads\/2023\/09\/1-1.jpeg 1280w\" sizes=\"auto, (max-width: 1024px) 100vw, 1024px\" \/><\/figure>\n\n\n\n<p>Los docentes de diferentes carreras expresaron sus dotes art\u00edsticos con canto, como Tania P\u00e9rez que con su voz logr\u00f3 cautivar a su p\u00fablico al Igual que Daniel Torres. Mientras que Wilson Quichimbo, realiz\u00f3 un trabajo art\u00edstico de una pintura en que aplic\u00f3 la t\u00e9cnica mixta, Quichimbo, adem\u00e1s cuenta con el talento de la m\u00fasica y la guitarra entonando la canci\u00f3n Hoy mi deber, de la autor\u00eda de Silvio Rodr\u00edguez y Canci\u00f3n: 20 a\u00f1os, melod\u00eda de Mar\u00eda Teresa Vera, con letra de Guillermina Arambur\u00fa en 1935.<\/p>\n\n\n\n<figure class=\"wp-block-image size-large\"><img loading=\"lazy\" decoding=\"async\" width=\"1024\" height=\"768\" src=\"https:\/\/istvr.edu.ec\/web\/wp-content\/uploads\/2023\/09\/2-1-1024x768.jpeg\" alt=\"\" class=\"wp-image-3286\" srcset=\"https:\/\/istvr.edu.ec\/web\/wp-content\/uploads\/2023\/09\/2-1-1024x768.jpeg 1024w, https:\/\/istvr.edu.ec\/web\/wp-content\/uploads\/2023\/09\/2-1-300x225.jpeg 300w, https:\/\/istvr.edu.ec\/web\/wp-content\/uploads\/2023\/09\/2-1-768x576.jpeg 768w, https:\/\/istvr.edu.ec\/web\/wp-content\/uploads\/2023\/09\/2-1-1536x1152.jpeg 1536w, https:\/\/istvr.edu.ec\/web\/wp-content\/uploads\/2023\/09\/2-1-1000x750.jpeg 1000w, https:\/\/istvr.edu.ec\/web\/wp-content\/uploads\/2023\/09\/2-1-230x173.jpeg 230w, https:\/\/istvr.edu.ec\/web\/wp-content\/uploads\/2023\/09\/2-1-350x263.jpeg 350w, https:\/\/istvr.edu.ec\/web\/wp-content\/uploads\/2023\/09\/2-1-480x360.jpeg 480w, https:\/\/istvr.edu.ec\/web\/wp-content\/uploads\/2023\/09\/2-1.jpeg 1600w\" sizes=\"auto, (max-width: 1024px) 100vw, 1024px\" \/><\/figure>\n\n\n\n<p>La danza flamenca tambi\u00e9n tuvo espacio en el mes de las artes, de esta forma Ana Valeria Cumba, danz\u00f3 la canci\u00f3n, ir\u00e9 con el viento, tango flamenco. De la misma forma participaron en maquillje art\u00edstico la Docente Sandy Llumiugsi y la alumna de la carerra de COMEX Jeanine Sac\u00f3n, Tem\u00e1tica de fantasia y Social.<\/p>\n\n\n\n<figure class=\"wp-block-image size-full\"><img loading=\"lazy\" decoding=\"async\" width=\"1024\" height=\"593\" src=\"https:\/\/istvr.edu.ec\/web\/wp-content\/uploads\/2023\/09\/5.jpeg\" alt=\"\" class=\"wp-image-3287\" srcset=\"https:\/\/istvr.edu.ec\/web\/wp-content\/uploads\/2023\/09\/5.jpeg 1024w, https:\/\/istvr.edu.ec\/web\/wp-content\/uploads\/2023\/09\/5-300x174.jpeg 300w, https:\/\/istvr.edu.ec\/web\/wp-content\/uploads\/2023\/09\/5-768x445.jpeg 768w, https:\/\/istvr.edu.ec\/web\/wp-content\/uploads\/2023\/09\/5-1000x579.jpeg 1000w, https:\/\/istvr.edu.ec\/web\/wp-content\/uploads\/2023\/09\/5-230x133.jpeg 230w, https:\/\/istvr.edu.ec\/web\/wp-content\/uploads\/2023\/09\/5-350x203.jpeg 350w, https:\/\/istvr.edu.ec\/web\/wp-content\/uploads\/2023\/09\/5-480x278.jpeg 480w\" sizes=\"auto, (max-width: 1024px) 100vw, 1024px\" \/><\/figure>\n\n\n\n<p>En el evento tambi\u00e9n no acompa\u00f1\u00f3 la ganadora del primer Show de Talentos del ISTVR, la estudiante de la carrera de Comercio Exterior Yamnia Dayanara Andrade Ch\u00e9vez, con la interpretaci\u00f3n de un mix de Selena. Agosto es el mes de las artes y la cultura, esta conmemoraci\u00f3n fue instituida mediante decreto # 677 en 1975 durante el Gobierno del entonces General Guillermo Rodr\u00edguez Lara. Desde ese entonces se celebra en nuestro pa\u00eds el mes del Arte y la Cultura; est\u00e1 dedicado a rescatar las expresiones art\u00edsticas de nuestros pueblos, quienes con sus tradiciones, costumbres y destrezas mantienen viva la identidad cultural y la memoria hist\u00f3rica.<\/p>\n\n\n\n<figure class=\"wp-block-gallery has-nested-images columns-default is-cropped wp-block-gallery-1 is-layout-flex wp-block-gallery-is-layout-flex\">\n<figure class=\"wp-block-image size-large\"><img loading=\"lazy\" decoding=\"async\" width=\"770\" height=\"1024\" data-id=\"3295\" src=\"https:\/\/istvr.edu.ec\/web\/wp-content\/uploads\/2023\/09\/3-1-770x1024.png\" alt=\"\" class=\"wp-image-3295\" srcset=\"https:\/\/istvr.edu.ec\/web\/wp-content\/uploads\/2023\/09\/3-1-770x1024.png 770w, https:\/\/istvr.edu.ec\/web\/wp-content\/uploads\/2023\/09\/3-1-226x300.png 226w, https:\/\/istvr.edu.ec\/web\/wp-content\/uploads\/2023\/09\/3-1-768x1021.png 768w, https:\/\/istvr.edu.ec\/web\/wp-content\/uploads\/2023\/09\/3-1-230x306.png 230w, https:\/\/istvr.edu.ec\/web\/wp-content\/uploads\/2023\/09\/3-1-350x465.png 350w, https:\/\/istvr.edu.ec\/web\/wp-content\/uploads\/2023\/09\/3-1-480x638.png 480w, https:\/\/istvr.edu.ec\/web\/wp-content\/uploads\/2023\/09\/3-1.png 954w\" sizes=\"auto, (max-width: 770px) 100vw, 770px\" \/><\/figure>\n\n\n\n<figure class=\"wp-block-image size-large\"><img loading=\"lazy\" decoding=\"async\" width=\"461\" height=\"559\" data-id=\"3291\" src=\"https:\/\/istvr.edu.ec\/web\/wp-content\/uploads\/2023\/09\/4-2.jpeg\" alt=\"\" class=\"wp-image-3291\" srcset=\"https:\/\/istvr.edu.ec\/web\/wp-content\/uploads\/2023\/09\/4-2.jpeg 461w, https:\/\/istvr.edu.ec\/web\/wp-content\/uploads\/2023\/09\/4-2-247x300.jpeg 247w, https:\/\/istvr.edu.ec\/web\/wp-content\/uploads\/2023\/09\/4-2-230x279.jpeg 230w, https:\/\/istvr.edu.ec\/web\/wp-content\/uploads\/2023\/09\/4-2-350x424.jpeg 350w\" sizes=\"auto, (max-width: 461px) 100vw, 461px\" \/><\/figure>\n\n\n\n<figure class=\"wp-block-image size-large\"><img loading=\"lazy\" decoding=\"async\" width=\"1024\" height=\"604\" data-id=\"3290\" src=\"https:\/\/istvr.edu.ec\/web\/wp-content\/uploads\/2023\/09\/6.jpeg\" alt=\"\" class=\"wp-image-3290\" srcset=\"https:\/\/istvr.edu.ec\/web\/wp-content\/uploads\/2023\/09\/6.jpeg 1024w, https:\/\/istvr.edu.ec\/web\/wp-content\/uploads\/2023\/09\/6-300x177.jpeg 300w, https:\/\/istvr.edu.ec\/web\/wp-content\/uploads\/2023\/09\/6-768x453.jpeg 768w, https:\/\/istvr.edu.ec\/web\/wp-content\/uploads\/2023\/09\/6-1000x590.jpeg 1000w, https:\/\/istvr.edu.ec\/web\/wp-content\/uploads\/2023\/09\/6-230x136.jpeg 230w, https:\/\/istvr.edu.ec\/web\/wp-content\/uploads\/2023\/09\/6-350x206.jpeg 350w, https:\/\/istvr.edu.ec\/web\/wp-content\/uploads\/2023\/09\/6-480x283.jpeg 480w\" sizes=\"auto, (max-width: 1024px) 100vw, 1024px\" \/><\/figure>\n\n\n\n<figure class=\"wp-block-image size-large\"><img loading=\"lazy\" decoding=\"async\" width=\"1024\" height=\"461\" data-id=\"3294\" src=\"https:\/\/istvr.edu.ec\/web\/wp-content\/uploads\/2023\/09\/7.jpeg\" alt=\"\" class=\"wp-image-3294\" srcset=\"https:\/\/istvr.edu.ec\/web\/wp-content\/uploads\/2023\/09\/7.jpeg 1024w, https:\/\/istvr.edu.ec\/web\/wp-content\/uploads\/2023\/09\/7-300x135.jpeg 300w, https:\/\/istvr.edu.ec\/web\/wp-content\/uploads\/2023\/09\/7-768x346.jpeg 768w, https:\/\/istvr.edu.ec\/web\/wp-content\/uploads\/2023\/09\/7-1000x450.jpeg 1000w, https:\/\/istvr.edu.ec\/web\/wp-content\/uploads\/2023\/09\/7-230x104.jpeg 230w, https:\/\/istvr.edu.ec\/web\/wp-content\/uploads\/2023\/09\/7-350x158.jpeg 350w, https:\/\/istvr.edu.ec\/web\/wp-content\/uploads\/2023\/09\/7-480x216.jpeg 480w\" sizes=\"auto, (max-width: 1024px) 100vw, 1024px\" \/><\/figure>\n\n\n\n<figure class=\"wp-block-image size-large\"><img loading=\"lazy\" decoding=\"async\" width=\"757\" height=\"1024\" data-id=\"3296\" src=\"https:\/\/istvr.edu.ec\/web\/wp-content\/uploads\/2023\/09\/8-757x1024.png\" alt=\"\" class=\"wp-image-3296\" srcset=\"https:\/\/istvr.edu.ec\/web\/wp-content\/uploads\/2023\/09\/8-757x1024.png 757w, https:\/\/istvr.edu.ec\/web\/wp-content\/uploads\/2023\/09\/8-222x300.png 222w, https:\/\/istvr.edu.ec\/web\/wp-content\/uploads\/2023\/09\/8-768x1039.png 768w, https:\/\/istvr.edu.ec\/web\/wp-content\/uploads\/2023\/09\/8-230x311.png 230w, https:\/\/istvr.edu.ec\/web\/wp-content\/uploads\/2023\/09\/8-350x474.png 350w, https:\/\/istvr.edu.ec\/web\/wp-content\/uploads\/2023\/09\/8-480x650.png 480w, https:\/\/istvr.edu.ec\/web\/wp-content\/uploads\/2023\/09\/8.png 940w\" sizes=\"auto, (max-width: 757px) 100vw, 757px\" \/><\/figure>\n\n\n\n<figure class=\"wp-block-image size-large\"><img loading=\"lazy\" decoding=\"async\" width=\"768\" height=\"1024\" data-id=\"3292\" src=\"https:\/\/istvr.edu.ec\/web\/wp-content\/uploads\/2023\/09\/9-768x1024.jpeg\" alt=\"\" class=\"wp-image-3292\" srcset=\"https:\/\/istvr.edu.ec\/web\/wp-content\/uploads\/2023\/09\/9-768x1024.jpeg 768w, https:\/\/istvr.edu.ec\/web\/wp-content\/uploads\/2023\/09\/9-225x300.jpeg 225w, https:\/\/istvr.edu.ec\/web\/wp-content\/uploads\/2023\/09\/9-230x307.jpeg 230w, https:\/\/istvr.edu.ec\/web\/wp-content\/uploads\/2023\/09\/9-350x467.jpeg 350w, https:\/\/istvr.edu.ec\/web\/wp-content\/uploads\/2023\/09\/9-480x640.jpeg 480w, https:\/\/istvr.edu.ec\/web\/wp-content\/uploads\/2023\/09\/9.jpeg 960w\" sizes=\"auto, (max-width: 768px) 100vw, 768px\" \/><\/figure>\n\n\n\n<figure class=\"wp-block-image size-large\"><img loading=\"lazy\" decoding=\"async\" width=\"461\" height=\"750\" data-id=\"3293\" src=\"https:\/\/istvr.edu.ec\/web\/wp-content\/uploads\/2023\/09\/10.jpeg\" alt=\"\" class=\"wp-image-3293\" srcset=\"https:\/\/istvr.edu.ec\/web\/wp-content\/uploads\/2023\/09\/10.jpeg 461w, https:\/\/istvr.edu.ec\/web\/wp-content\/uploads\/2023\/09\/10-184x300.jpeg 184w, https:\/\/istvr.edu.ec\/web\/wp-content\/uploads\/2023\/09\/10-230x374.jpeg 230w, https:\/\/istvr.edu.ec\/web\/wp-content\/uploads\/2023\/09\/10-350x569.jpeg 350w\" sizes=\"auto, (max-width: 461px) 100vw, 461px\" \/><\/figure>\n<\/figure>\n","protected":false},"excerpt":{"rendered":"<p>El Instituto Superior Tecnol\u00f3gico Vicente Rocafuerte celebr\u00f3 el mes de las artes con m\u00fasica, pintura, maquillaje art\u00edstico y flamenco, actividades que permitieron [&hellip;]<\/p>\n","protected":false},"author":1,"featured_media":3284,"comment_status":"open","ping_status":"open","sticky":false,"template":"","format":"standard","meta":{"pgc_sgb_lightbox_settings":"","footnotes":""},"categories":[3],"tags":[],"class_list":["post-3283","post","type-post","status-publish","format-standard","has-post-thumbnail","hentry","category-work"],"_links":{"self":[{"href":"https:\/\/istvr.edu.ec\/web\/wp-json\/wp\/v2\/posts\/3283","targetHints":{"allow":["GET"]}}],"collection":[{"href":"https:\/\/istvr.edu.ec\/web\/wp-json\/wp\/v2\/posts"}],"about":[{"href":"https:\/\/istvr.edu.ec\/web\/wp-json\/wp\/v2\/types\/post"}],"author":[{"embeddable":true,"href":"https:\/\/istvr.edu.ec\/web\/wp-json\/wp\/v2\/users\/1"}],"replies":[{"embeddable":true,"href":"https:\/\/istvr.edu.ec\/web\/wp-json\/wp\/v2\/comments?post=3283"}],"version-history":[{"count":1,"href":"https:\/\/istvr.edu.ec\/web\/wp-json\/wp\/v2\/posts\/3283\/revisions"}],"predecessor-version":[{"id":3297,"href":"https:\/\/istvr.edu.ec\/web\/wp-json\/wp\/v2\/posts\/3283\/revisions\/3297"}],"wp:featuredmedia":[{"embeddable":true,"href":"https:\/\/istvr.edu.ec\/web\/wp-json\/wp\/v2\/media\/3284"}],"wp:attachment":[{"href":"https:\/\/istvr.edu.ec\/web\/wp-json\/wp\/v2\/media?parent=3283"}],"wp:term":[{"taxonomy":"category","embeddable":true,"href":"https:\/\/istvr.edu.ec\/web\/wp-json\/wp\/v2\/categories?post=3283"},{"taxonomy":"post_tag","embeddable":true,"href":"https:\/\/istvr.edu.ec\/web\/wp-json\/wp\/v2\/tags?post=3283"}],"curies":[{"name":"wp","href":"https:\/\/api.w.org\/{rel}","templated":true}]}}