{"id":3277,"date":"2023-09-13T13:56:39","date_gmt":"2023-09-13T18:56:39","guid":{"rendered":"https:\/\/istvr.edu.ec\/web\/?p=3277"},"modified":"2023-09-13T13:56:39","modified_gmt":"2023-09-13T18:56:39","slug":"certificacion-por-competencias-laborales","status":"publish","type":"post","link":"https:\/\/istvr.edu.ec\/web\/2023\/09\/13\/certificacion-por-competencias-laborales\/","title":{"rendered":"Certificaci\u00f3n por competencias laborales"},"content":{"rendered":"\n<p>Proceso de certificaci\u00f3n por competencias laborales dictado por el ISTVR<\/p>\n\n\n\n<p>El Instituto Superior Tecnol\u00f3gico Vicente Rocafuerte, a trav\u00e9s de la Centro de Formaci\u00f3n Integral y Servicios Especializado llev\u00f3 a cabo el proceso de certificaci\u00f3n por competencias laborales en formaci\u00f3n de formadores a los docentes del Instituto Superior Tecnol\u00f3gico Juan Bautista Aguirre de Daule. En el proceso que les ofrece mayores oportunidades laborales, participaron treinta y tres docentes del ISTJB el pasado 17 de agosto del 2023. Los docentes obtuvieron el certificado con validez de cinco a\u00f1os y registrado en la p\u00e1gina web del Ministerio de Trabajo.<\/p>\n\n\n\n<figure class=\"wp-block-image size-full\"><img loading=\"lazy\" decoding=\"async\" width=\"1024\" height=\"768\" src=\"https:\/\/istvr.edu.ec\/web\/wp-content\/uploads\/2023\/09\/2.jpeg\" alt=\"\" class=\"wp-image-3278\" srcset=\"https:\/\/istvr.edu.ec\/web\/wp-content\/uploads\/2023\/09\/2.jpeg 1024w, https:\/\/istvr.edu.ec\/web\/wp-content\/uploads\/2023\/09\/2-300x225.jpeg 300w, https:\/\/istvr.edu.ec\/web\/wp-content\/uploads\/2023\/09\/2-768x576.jpeg 768w, https:\/\/istvr.edu.ec\/web\/wp-content\/uploads\/2023\/09\/2-1000x750.jpeg 1000w, https:\/\/istvr.edu.ec\/web\/wp-content\/uploads\/2023\/09\/2-230x173.jpeg 230w, https:\/\/istvr.edu.ec\/web\/wp-content\/uploads\/2023\/09\/2-350x263.jpeg 350w, https:\/\/istvr.edu.ec\/web\/wp-content\/uploads\/2023\/09\/2-480x360.jpeg 480w\" sizes=\"auto, (max-width: 1024px) 100vw, 1024px\" \/><\/figure>\n\n\n\n<p>La Certificaci\u00f3n Profesional por Competencias Laborales dignifica los saberes que gana el trabajador debido a que este documento identifica sus potencialidades y debilidades para mejorar su perfil ocupacional; mientras que las empresas cuentan con talento humano altamente calificado y as\u00ed incrementa la productividad en las mismas, se\u00f1ala Iv\u00e1n Neira coordinador del Centro de Formaci\u00f3n Integral y Servicios Especializado, \u00a8\u00b4desde esta coordinaci\u00f3n constantemente estamos buscando mejoras para la comunidad acad\u00e9mica ya sea del ISTVR u otras instituciones que est\u00e9n interesadas en contribuir con la mejora continua del perfil de sus colaboradores\u00a8 concluy\u00f3 Neira. Para el mes de septiembre se continuar\u00e1 con el proceso en ISTJB donde 50 docentes m\u00e1s podr\u00e1n obtener la certificaci\u00f3n en formaci\u00f3n de formadores. Se espera que en octubre se certifiquen a 280 personas de otras instituciones.<\/p>\n\n\n\n<figure class=\"wp-block-image size-full\"><img loading=\"lazy\" decoding=\"async\" width=\"1024\" height=\"768\" src=\"https:\/\/istvr.edu.ec\/web\/wp-content\/uploads\/2023\/09\/3.jpeg\" alt=\"\" class=\"wp-image-3279\" srcset=\"https:\/\/istvr.edu.ec\/web\/wp-content\/uploads\/2023\/09\/3.jpeg 1024w, https:\/\/istvr.edu.ec\/web\/wp-content\/uploads\/2023\/09\/3-300x225.jpeg 300w, https:\/\/istvr.edu.ec\/web\/wp-content\/uploads\/2023\/09\/3-768x576.jpeg 768w, https:\/\/istvr.edu.ec\/web\/wp-content\/uploads\/2023\/09\/3-1000x750.jpeg 1000w, https:\/\/istvr.edu.ec\/web\/wp-content\/uploads\/2023\/09\/3-230x173.jpeg 230w, https:\/\/istvr.edu.ec\/web\/wp-content\/uploads\/2023\/09\/3-350x263.jpeg 350w, https:\/\/istvr.edu.ec\/web\/wp-content\/uploads\/2023\/09\/3-480x360.jpeg 480w\" sizes=\"auto, (max-width: 1024px) 100vw, 1024px\" \/><\/figure>\n\n\n\n<figure class=\"wp-block-image size-full\"><img loading=\"lazy\" decoding=\"async\" width=\"1024\" height=\"768\" src=\"https:\/\/istvr.edu.ec\/web\/wp-content\/uploads\/2023\/09\/4.jpeg\" alt=\"\" class=\"wp-image-3280\" srcset=\"https:\/\/istvr.edu.ec\/web\/wp-content\/uploads\/2023\/09\/4.jpeg 1024w, https:\/\/istvr.edu.ec\/web\/wp-content\/uploads\/2023\/09\/4-300x225.jpeg 300w, https:\/\/istvr.edu.ec\/web\/wp-content\/uploads\/2023\/09\/4-768x576.jpeg 768w, https:\/\/istvr.edu.ec\/web\/wp-content\/uploads\/2023\/09\/4-1000x750.jpeg 1000w, https:\/\/istvr.edu.ec\/web\/wp-content\/uploads\/2023\/09\/4-230x173.jpeg 230w, https:\/\/istvr.edu.ec\/web\/wp-content\/uploads\/2023\/09\/4-350x263.jpeg 350w, https:\/\/istvr.edu.ec\/web\/wp-content\/uploads\/2023\/09\/4-480x360.jpeg 480w\" sizes=\"auto, (max-width: 1024px) 100vw, 1024px\" \/><\/figure>\n","protected":false},"excerpt":{"rendered":"<p>Proceso de certificaci\u00f3n por competencias laborales dictado por el ISTVR El Instituto Superior Tecnol\u00f3gico Vicente Rocafuerte, a trav\u00e9s de la Centro de [&hellip;]<\/p>\n","protected":false},"author":1,"featured_media":3281,"comment_status":"open","ping_status":"open","sticky":false,"template":"","format":"standard","meta":{"pgc_sgb_lightbox_settings":"","footnotes":""},"categories":[3],"tags":[],"class_list":["post-3277","post","type-post","status-publish","format-standard","has-post-thumbnail","hentry","category-work"],"_links":{"self":[{"href":"https:\/\/istvr.edu.ec\/web\/wp-json\/wp\/v2\/posts\/3277","targetHints":{"allow":["GET"]}}],"collection":[{"href":"https:\/\/istvr.edu.ec\/web\/wp-json\/wp\/v2\/posts"}],"about":[{"href":"https:\/\/istvr.edu.ec\/web\/wp-json\/wp\/v2\/types\/post"}],"author":[{"embeddable":true,"href":"https:\/\/istvr.edu.ec\/web\/wp-json\/wp\/v2\/users\/1"}],"replies":[{"embeddable":true,"href":"https:\/\/istvr.edu.ec\/web\/wp-json\/wp\/v2\/comments?post=3277"}],"version-history":[{"count":1,"href":"https:\/\/istvr.edu.ec\/web\/wp-json\/wp\/v2\/posts\/3277\/revisions"}],"predecessor-version":[{"id":3282,"href":"https:\/\/istvr.edu.ec\/web\/wp-json\/wp\/v2\/posts\/3277\/revisions\/3282"}],"wp:featuredmedia":[{"embeddable":true,"href":"https:\/\/istvr.edu.ec\/web\/wp-json\/wp\/v2\/media\/3281"}],"wp:attachment":[{"href":"https:\/\/istvr.edu.ec\/web\/wp-json\/wp\/v2\/media?parent=3277"}],"wp:term":[{"taxonomy":"category","embeddable":true,"href":"https:\/\/istvr.edu.ec\/web\/wp-json\/wp\/v2\/categories?post=3277"},{"taxonomy":"post_tag","embeddable":true,"href":"https:\/\/istvr.edu.ec\/web\/wp-json\/wp\/v2\/tags?post=3277"}],"curies":[{"name":"wp","href":"https:\/\/api.w.org\/{rel}","templated":true}]}}