{"id":3218,"date":"2023-08-18T09:48:04","date_gmt":"2023-08-18T14:48:04","guid":{"rendered":"http:\/\/istvr.edu.ec\/web\/?p=3218"},"modified":"2023-08-18T09:48:04","modified_gmt":"2023-08-18T14:48:04","slug":"altavoz-naranja","status":"publish","type":"post","link":"https:\/\/istvr.edu.ec\/web\/2023\/08\/18\/altavoz-naranja\/","title":{"rendered":"Altavoz Naranja"},"content":{"rendered":"\n<p>El Instituto Superior Tecnol\u00f3gico Vicente Rocafuerte particip\u00f3 en la campa\u00f1a contra la agresi\u00f3n de genero <em>Alta voz Naranja<\/em> que busca detectar alertas de agresi\u00f3n, f\u00edsica, verbal, psicol\u00f3gica en todos los g\u00e9neros.<br>El evento cont\u00f3 con la participaci\u00f3n de estudiantes, docentes y autoridades del instituto. Y durante una semana realizaron actividades l\u00fadicas que alentaban a la sociedad a no permanecer en silencio cuando son agredidos o agredidas.<\/p>\n\n\n\n<figure class=\"wp-block-image size-large\"><img loading=\"lazy\" decoding=\"async\" width=\"1024\" height=\"556\" src=\"http:\/\/istvr.edu.ec\/web\/wp-content\/uploads\/2023\/08\/2-1-1024x556.jpeg\" alt=\"\" class=\"wp-image-3219\" srcset=\"https:\/\/istvr.edu.ec\/web\/wp-content\/uploads\/2023\/08\/2-1-1024x556.jpeg 1024w, https:\/\/istvr.edu.ec\/web\/wp-content\/uploads\/2023\/08\/2-1-300x163.jpeg 300w, https:\/\/istvr.edu.ec\/web\/wp-content\/uploads\/2023\/08\/2-1-768x417.jpeg 768w, https:\/\/istvr.edu.ec\/web\/wp-content\/uploads\/2023\/08\/2-1-1536x834.jpeg 1536w, https:\/\/istvr.edu.ec\/web\/wp-content\/uploads\/2023\/08\/2-1-1000x543.jpeg 1000w, https:\/\/istvr.edu.ec\/web\/wp-content\/uploads\/2023\/08\/2-1-230x125.jpeg 230w, https:\/\/istvr.edu.ec\/web\/wp-content\/uploads\/2023\/08\/2-1-350x190.jpeg 350w, https:\/\/istvr.edu.ec\/web\/wp-content\/uploads\/2023\/08\/2-1-480x261.jpeg 480w, https:\/\/istvr.edu.ec\/web\/wp-content\/uploads\/2023\/08\/2-1.jpeg 1600w\" sizes=\"auto, (max-width: 1024px) 100vw, 1024px\" \/><\/figure>\n\n\n\n<p>La coordinadora de Bienestar estudiantil, Valeria Costa, quien encabez\u00f3 la campa\u00f1a en conjunto con otros Institutos manifest\u00f3 que estas actividades abren espacios para que las personas que son v\u00edctimas de agresi\u00f3n puedan manifestarse, \u201dla campa\u00f1a Altavoz Naranja es un trabajo en equipo entre autoridades, docentes y estudiantes con el objetivo de concientizar la importancia de hablar y denunciar los casos de violencia, acoso y discriminaci\u00f3n de g\u00e9nero\u201d se\u00f1al\u00f3 Costa.<\/p>\n\n\n\n<figure class=\"wp-block-image size-large\"><img loading=\"lazy\" decoding=\"async\" width=\"1024\" height=\"700\" src=\"http:\/\/istvr.edu.ec\/web\/wp-content\/uploads\/2023\/08\/3-1-1024x700.jpeg\" alt=\"\" class=\"wp-image-3220\" srcset=\"https:\/\/istvr.edu.ec\/web\/wp-content\/uploads\/2023\/08\/3-1-1024x700.jpeg 1024w, https:\/\/istvr.edu.ec\/web\/wp-content\/uploads\/2023\/08\/3-1-300x205.jpeg 300w, https:\/\/istvr.edu.ec\/web\/wp-content\/uploads\/2023\/08\/3-1-768x525.jpeg 768w, https:\/\/istvr.edu.ec\/web\/wp-content\/uploads\/2023\/08\/3-1-1536x1050.jpeg 1536w, https:\/\/istvr.edu.ec\/web\/wp-content\/uploads\/2023\/08\/3-1-1000x684.jpeg 1000w, https:\/\/istvr.edu.ec\/web\/wp-content\/uploads\/2023\/08\/3-1-230x157.jpeg 230w, https:\/\/istvr.edu.ec\/web\/wp-content\/uploads\/2023\/08\/3-1-350x239.jpeg 350w, https:\/\/istvr.edu.ec\/web\/wp-content\/uploads\/2023\/08\/3-1-480x328.jpeg 480w, https:\/\/istvr.edu.ec\/web\/wp-content\/uploads\/2023\/08\/3-1.jpeg 1600w\" sizes=\"auto, (max-width: 1024px) 100vw, 1024px\" \/><\/figure>\n\n\n\n<p>Entre las principales actividades desarrolladas por la comunidad acad\u00e9mica del ISTVR se encuentran; charlas, elaboraci\u00f3n de carteles y salida a las calles para compartir temas sobre: \u201cViolencia de g\u00e9nero\u201d \u00abRompe el silencio\u00bb \u00abTodos somos iguales\u00bb.<\/p>\n\n\n\n<figure class=\"wp-block-image size-large\"><img loading=\"lazy\" decoding=\"async\" width=\"1024\" height=\"621\" src=\"http:\/\/istvr.edu.ec\/web\/wp-content\/uploads\/2023\/08\/4-1-1024x621.jpeg\" alt=\"\" class=\"wp-image-3221\" srcset=\"https:\/\/istvr.edu.ec\/web\/wp-content\/uploads\/2023\/08\/4-1-1024x621.jpeg 1024w, https:\/\/istvr.edu.ec\/web\/wp-content\/uploads\/2023\/08\/4-1-300x182.jpeg 300w, https:\/\/istvr.edu.ec\/web\/wp-content\/uploads\/2023\/08\/4-1-768x465.jpeg 768w, https:\/\/istvr.edu.ec\/web\/wp-content\/uploads\/2023\/08\/4-1-1536x931.jpeg 1536w, https:\/\/istvr.edu.ec\/web\/wp-content\/uploads\/2023\/08\/4-1-1000x606.jpeg 1000w, https:\/\/istvr.edu.ec\/web\/wp-content\/uploads\/2023\/08\/4-1-230x139.jpeg 230w, https:\/\/istvr.edu.ec\/web\/wp-content\/uploads\/2023\/08\/4-1-350x212.jpeg 350w, https:\/\/istvr.edu.ec\/web\/wp-content\/uploads\/2023\/08\/4-1-480x291.jpeg 480w, https:\/\/istvr.edu.ec\/web\/wp-content\/uploads\/2023\/08\/4-1.jpeg 1599w\" sizes=\"auto, (max-width: 1024px) 100vw, 1024px\" \/><\/figure>\n\n\n\n<figure class=\"wp-block-image size-large\"><img loading=\"lazy\" decoding=\"async\" width=\"1024\" height=\"656\" src=\"http:\/\/istvr.edu.ec\/web\/wp-content\/uploads\/2023\/08\/5-1-1024x656.jpeg\" alt=\"\" class=\"wp-image-3222\" srcset=\"https:\/\/istvr.edu.ec\/web\/wp-content\/uploads\/2023\/08\/5-1-1024x656.jpeg 1024w, https:\/\/istvr.edu.ec\/web\/wp-content\/uploads\/2023\/08\/5-1-300x192.jpeg 300w, https:\/\/istvr.edu.ec\/web\/wp-content\/uploads\/2023\/08\/5-1-768x492.jpeg 768w, https:\/\/istvr.edu.ec\/web\/wp-content\/uploads\/2023\/08\/5-1-1536x984.jpeg 1536w, https:\/\/istvr.edu.ec\/web\/wp-content\/uploads\/2023\/08\/5-1-1000x641.jpeg 1000w, https:\/\/istvr.edu.ec\/web\/wp-content\/uploads\/2023\/08\/5-1-230x147.jpeg 230w, https:\/\/istvr.edu.ec\/web\/wp-content\/uploads\/2023\/08\/5-1-350x224.jpeg 350w, https:\/\/istvr.edu.ec\/web\/wp-content\/uploads\/2023\/08\/5-1-480x308.jpeg 480w, https:\/\/istvr.edu.ec\/web\/wp-content\/uploads\/2023\/08\/5-1.jpeg 1600w\" sizes=\"auto, (max-width: 1024px) 100vw, 1024px\" \/><\/figure>\n\n\n\n<figure class=\"wp-block-image size-large\"><img loading=\"lazy\" decoding=\"async\" width=\"1024\" height=\"768\" src=\"http:\/\/istvr.edu.ec\/web\/wp-content\/uploads\/2023\/08\/6-1-1024x768.jpeg\" alt=\"\" class=\"wp-image-3223\" srcset=\"https:\/\/istvr.edu.ec\/web\/wp-content\/uploads\/2023\/08\/6-1-1024x768.jpeg 1024w, https:\/\/istvr.edu.ec\/web\/wp-content\/uploads\/2023\/08\/6-1-300x225.jpeg 300w, https:\/\/istvr.edu.ec\/web\/wp-content\/uploads\/2023\/08\/6-1-768x576.jpeg 768w, https:\/\/istvr.edu.ec\/web\/wp-content\/uploads\/2023\/08\/6-1-1536x1153.jpeg 1536w, https:\/\/istvr.edu.ec\/web\/wp-content\/uploads\/2023\/08\/6-1-1000x750.jpeg 1000w, https:\/\/istvr.edu.ec\/web\/wp-content\/uploads\/2023\/08\/6-1-230x173.jpeg 230w, https:\/\/istvr.edu.ec\/web\/wp-content\/uploads\/2023\/08\/6-1-350x263.jpeg 350w, https:\/\/istvr.edu.ec\/web\/wp-content\/uploads\/2023\/08\/6-1-480x360.jpeg 480w, https:\/\/istvr.edu.ec\/web\/wp-content\/uploads\/2023\/08\/6-1.jpeg 1599w\" sizes=\"auto, (max-width: 1024px) 100vw, 1024px\" \/><\/figure>\n\n\n\n<figure class=\"wp-block-image size-large\"><img loading=\"lazy\" decoding=\"async\" width=\"1024\" height=\"768\" src=\"http:\/\/istvr.edu.ec\/web\/wp-content\/uploads\/2023\/08\/7-1024x768.jpeg\" alt=\"\" class=\"wp-image-3224\" srcset=\"https:\/\/istvr.edu.ec\/web\/wp-content\/uploads\/2023\/08\/7-1024x768.jpeg 1024w, https:\/\/istvr.edu.ec\/web\/wp-content\/uploads\/2023\/08\/7-300x225.jpeg 300w, https:\/\/istvr.edu.ec\/web\/wp-content\/uploads\/2023\/08\/7-768x576.jpeg 768w, https:\/\/istvr.edu.ec\/web\/wp-content\/uploads\/2023\/08\/7-1536x1153.jpeg 1536w, https:\/\/istvr.edu.ec\/web\/wp-content\/uploads\/2023\/08\/7-1000x750.jpeg 1000w, https:\/\/istvr.edu.ec\/web\/wp-content\/uploads\/2023\/08\/7-230x173.jpeg 230w, https:\/\/istvr.edu.ec\/web\/wp-content\/uploads\/2023\/08\/7-350x263.jpeg 350w, https:\/\/istvr.edu.ec\/web\/wp-content\/uploads\/2023\/08\/7-480x360.jpeg 480w, https:\/\/istvr.edu.ec\/web\/wp-content\/uploads\/2023\/08\/7.jpeg 1599w\" sizes=\"auto, (max-width: 1024px) 100vw, 1024px\" \/><\/figure>\n","protected":false},"excerpt":{"rendered":"<p>El Instituto Superior Tecnol\u00f3gico Vicente Rocafuerte particip\u00f3 en la campa\u00f1a contra la agresi\u00f3n de genero Alta voz Naranja que busca detectar alertas [&hellip;]<\/p>\n","protected":false},"author":1,"featured_media":3225,"comment_status":"open","ping_status":"open","sticky":false,"template":"","format":"standard","meta":{"pgc_sgb_lightbox_settings":"","footnotes":""},"categories":[3],"tags":[],"class_list":["post-3218","post","type-post","status-publish","format-standard","has-post-thumbnail","hentry","category-work"],"_links":{"self":[{"href":"https:\/\/istvr.edu.ec\/web\/wp-json\/wp\/v2\/posts\/3218","targetHints":{"allow":["GET"]}}],"collection":[{"href":"https:\/\/istvr.edu.ec\/web\/wp-json\/wp\/v2\/posts"}],"about":[{"href":"https:\/\/istvr.edu.ec\/web\/wp-json\/wp\/v2\/types\/post"}],"author":[{"embeddable":true,"href":"https:\/\/istvr.edu.ec\/web\/wp-json\/wp\/v2\/users\/1"}],"replies":[{"embeddable":true,"href":"https:\/\/istvr.edu.ec\/web\/wp-json\/wp\/v2\/comments?post=3218"}],"version-history":[{"count":1,"href":"https:\/\/istvr.edu.ec\/web\/wp-json\/wp\/v2\/posts\/3218\/revisions"}],"predecessor-version":[{"id":3226,"href":"https:\/\/istvr.edu.ec\/web\/wp-json\/wp\/v2\/posts\/3218\/revisions\/3226"}],"wp:featuredmedia":[{"embeddable":true,"href":"https:\/\/istvr.edu.ec\/web\/wp-json\/wp\/v2\/media\/3225"}],"wp:attachment":[{"href":"https:\/\/istvr.edu.ec\/web\/wp-json\/wp\/v2\/media?parent=3218"}],"wp:term":[{"taxonomy":"category","embeddable":true,"href":"https:\/\/istvr.edu.ec\/web\/wp-json\/wp\/v2\/categories?post=3218"},{"taxonomy":"post_tag","embeddable":true,"href":"https:\/\/istvr.edu.ec\/web\/wp-json\/wp\/v2\/tags?post=3218"}],"curies":[{"name":"wp","href":"https:\/\/api.w.org\/{rel}","templated":true}]}}