{"id":3210,"date":"2023-08-18T09:42:39","date_gmt":"2023-08-18T14:42:39","guid":{"rendered":"http:\/\/istvr.edu.ec\/web\/?p=3210"},"modified":"2023-08-18T09:42:39","modified_gmt":"2023-08-18T14:42:39","slug":"show-de-talentos","status":"publish","type":"post","link":"https:\/\/istvr.edu.ec\/web\/2023\/08\/18\/show-de-talentos\/","title":{"rendered":"Show de Talentos"},"content":{"rendered":"\n<p>El Instituto Superior Tecnol\u00f3gico Vicente Rocafuerte realiz\u00f3 el primer concurso de talento en el que participaron los estudiantes de las diferentes carreras que oferta esta instituci\u00f3n.<\/p>\n\n\n\n<figure class=\"wp-block-image size-full\"><img loading=\"lazy\" decoding=\"async\" width=\"720\" height=\"717\" src=\"http:\/\/istvr.edu.ec\/web\/wp-content\/uploads\/2023\/08\/2.jpeg\" alt=\"\" class=\"wp-image-3211\" srcset=\"https:\/\/istvr.edu.ec\/web\/wp-content\/uploads\/2023\/08\/2.jpeg 720w, https:\/\/istvr.edu.ec\/web\/wp-content\/uploads\/2023\/08\/2-300x300.jpeg 300w, https:\/\/istvr.edu.ec\/web\/wp-content\/uploads\/2023\/08\/2-150x150.jpeg 150w, https:\/\/istvr.edu.ec\/web\/wp-content\/uploads\/2023\/08\/2-230x229.jpeg 230w, https:\/\/istvr.edu.ec\/web\/wp-content\/uploads\/2023\/08\/2-350x349.jpeg 350w, https:\/\/istvr.edu.ec\/web\/wp-content\/uploads\/2023\/08\/2-480x478.jpeg 480w\" sizes=\"auto, (max-width: 720px) 100vw, 720px\" \/><\/figure>\n\n\n\n<p>&nbsp;Es deber de la academia, propiciar espacios de integraci\u00f3n art\u00edstica y cultural que aporten a la comunidad en donde se fortalezcan los talentos de los estudiantes, ellos fueron los protagonistas donde se destacaron en diferentes \u00e1mbitos como baile y canto. Con este prop\u00f3sito se desarroll\u00f3 el evento, fomentar la Integraci\u00f3n Art\u00edstica y Cultural entre la comunidad del ISTVR.<\/p>\n\n\n\n<figure class=\"wp-block-image size-full\"><img loading=\"lazy\" decoding=\"async\" width=\"720\" height=\"710\" src=\"http:\/\/istvr.edu.ec\/web\/wp-content\/uploads\/2023\/08\/3.jpeg\" alt=\"\" class=\"wp-image-3212\" srcset=\"https:\/\/istvr.edu.ec\/web\/wp-content\/uploads\/2023\/08\/3.jpeg 720w, https:\/\/istvr.edu.ec\/web\/wp-content\/uploads\/2023\/08\/3-300x296.jpeg 300w, https:\/\/istvr.edu.ec\/web\/wp-content\/uploads\/2023\/08\/3-230x227.jpeg 230w, https:\/\/istvr.edu.ec\/web\/wp-content\/uploads\/2023\/08\/3-350x345.jpeg 350w, https:\/\/istvr.edu.ec\/web\/wp-content\/uploads\/2023\/08\/3-480x473.jpeg 480w\" sizes=\"auto, (max-width: 720px) 100vw, 720px\" \/><\/figure>\n\n\n\n<p>En el evento participaron doce estudiantes de las carreras de Contabilidad, Comercio Exterior, Turismo y Dise\u00f1o de Modas que realizaron diferentes presentaciones art\u00edsticas como canto danza y baile.<\/p>\n\n\n\n<figure class=\"wp-block-image size-full\"><img loading=\"lazy\" decoding=\"async\" width=\"720\" height=\"720\" src=\"http:\/\/istvr.edu.ec\/web\/wp-content\/uploads\/2023\/08\/4.jpeg\" alt=\"\" class=\"wp-image-3213\" srcset=\"https:\/\/istvr.edu.ec\/web\/wp-content\/uploads\/2023\/08\/4.jpeg 720w, https:\/\/istvr.edu.ec\/web\/wp-content\/uploads\/2023\/08\/4-300x300.jpeg 300w, https:\/\/istvr.edu.ec\/web\/wp-content\/uploads\/2023\/08\/4-150x150.jpeg 150w, https:\/\/istvr.edu.ec\/web\/wp-content\/uploads\/2023\/08\/4-230x230.jpeg 230w, https:\/\/istvr.edu.ec\/web\/wp-content\/uploads\/2023\/08\/4-350x350.jpeg 350w, https:\/\/istvr.edu.ec\/web\/wp-content\/uploads\/2023\/08\/4-480x480.jpeg 480w\" sizes=\"auto, (max-width: 720px) 100vw, 720px\" \/><\/figure>\n\n\n\n<p>De los doce participantes tres llegaron a la final, donde se destac\u00f3 Yammia Andrade, ganando el primer lugar, mientras que el segundo lugar fue para Thais Calero y el tercer lugar para Julio Granda.<\/p>\n\n\n\n<figure class=\"wp-block-image size-full\"><img loading=\"lazy\" decoding=\"async\" width=\"720\" height=\"719\" src=\"http:\/\/istvr.edu.ec\/web\/wp-content\/uploads\/2023\/08\/5.jpeg\" alt=\"\" class=\"wp-image-3214\" srcset=\"https:\/\/istvr.edu.ec\/web\/wp-content\/uploads\/2023\/08\/5.jpeg 720w, https:\/\/istvr.edu.ec\/web\/wp-content\/uploads\/2023\/08\/5-300x300.jpeg 300w, https:\/\/istvr.edu.ec\/web\/wp-content\/uploads\/2023\/08\/5-150x150.jpeg 150w, https:\/\/istvr.edu.ec\/web\/wp-content\/uploads\/2023\/08\/5-230x230.jpeg 230w, https:\/\/istvr.edu.ec\/web\/wp-content\/uploads\/2023\/08\/5-350x350.jpeg 350w, https:\/\/istvr.edu.ec\/web\/wp-content\/uploads\/2023\/08\/5-480x479.jpeg 480w\" sizes=\"auto, (max-width: 720px) 100vw, 720px\" \/><\/figure>\n\n\n\n<p>Durante el show tambi\u00e9n se premio a la mejor barra por motivar a su participante, este reconocimiento recay\u00f3 en los representantes de bailar\u00edn Julio Granda, La tarde de talento se desarrollo en las instalaciones de la Casa de la Cultura, n\u00facleo del Guayas y cont\u00f3 con\u00a0 \u00a0la presencia de artistas profesionales como\u00a0 \u00a0jurado calificador entre ellos Cristina Mendoza, Ronald Vinces, Romel Cepeda, Marcos Ben\u00edtez, entre otros.<\/p>\n\n\n\n<figure class=\"wp-block-image size-full\"><img loading=\"lazy\" decoding=\"async\" width=\"720\" height=\"706\" src=\"http:\/\/istvr.edu.ec\/web\/wp-content\/uploads\/2023\/08\/6.jpeg\" alt=\"\" class=\"wp-image-3215\" srcset=\"https:\/\/istvr.edu.ec\/web\/wp-content\/uploads\/2023\/08\/6.jpeg 720w, https:\/\/istvr.edu.ec\/web\/wp-content\/uploads\/2023\/08\/6-300x294.jpeg 300w, https:\/\/istvr.edu.ec\/web\/wp-content\/uploads\/2023\/08\/6-230x226.jpeg 230w, https:\/\/istvr.edu.ec\/web\/wp-content\/uploads\/2023\/08\/6-350x343.jpeg 350w, https:\/\/istvr.edu.ec\/web\/wp-content\/uploads\/2023\/08\/6-480x471.jpeg 480w\" sizes=\"auto, (max-width: 720px) 100vw, 720px\" \/><\/figure>\n","protected":false},"excerpt":{"rendered":"<p>El Instituto Superior Tecnol\u00f3gico Vicente Rocafuerte realiz\u00f3 el primer concurso de talento en el que participaron los estudiantes de las diferentes carreras [&hellip;]<\/p>\n","protected":false},"author":1,"featured_media":3216,"comment_status":"open","ping_status":"open","sticky":false,"template":"","format":"standard","meta":{"pgc_sgb_lightbox_settings":"","footnotes":""},"categories":[3],"tags":[],"class_list":["post-3210","post","type-post","status-publish","format-standard","has-post-thumbnail","hentry","category-work"],"_links":{"self":[{"href":"https:\/\/istvr.edu.ec\/web\/wp-json\/wp\/v2\/posts\/3210","targetHints":{"allow":["GET"]}}],"collection":[{"href":"https:\/\/istvr.edu.ec\/web\/wp-json\/wp\/v2\/posts"}],"about":[{"href":"https:\/\/istvr.edu.ec\/web\/wp-json\/wp\/v2\/types\/post"}],"author":[{"embeddable":true,"href":"https:\/\/istvr.edu.ec\/web\/wp-json\/wp\/v2\/users\/1"}],"replies":[{"embeddable":true,"href":"https:\/\/istvr.edu.ec\/web\/wp-json\/wp\/v2\/comments?post=3210"}],"version-history":[{"count":1,"href":"https:\/\/istvr.edu.ec\/web\/wp-json\/wp\/v2\/posts\/3210\/revisions"}],"predecessor-version":[{"id":3217,"href":"https:\/\/istvr.edu.ec\/web\/wp-json\/wp\/v2\/posts\/3210\/revisions\/3217"}],"wp:featuredmedia":[{"embeddable":true,"href":"https:\/\/istvr.edu.ec\/web\/wp-json\/wp\/v2\/media\/3216"}],"wp:attachment":[{"href":"https:\/\/istvr.edu.ec\/web\/wp-json\/wp\/v2\/media?parent=3210"}],"wp:term":[{"taxonomy":"category","embeddable":true,"href":"https:\/\/istvr.edu.ec\/web\/wp-json\/wp\/v2\/categories?post=3210"},{"taxonomy":"post_tag","embeddable":true,"href":"https:\/\/istvr.edu.ec\/web\/wp-json\/wp\/v2\/tags?post=3210"}],"curies":[{"name":"wp","href":"https:\/\/api.w.org\/{rel}","templated":true}]}}