{"id":3148,"date":"2023-06-30T17:51:27","date_gmt":"2023-06-30T22:51:27","guid":{"rendered":"http:\/\/istvr.edu.ec\/web\/?p=3148"},"modified":"2023-06-30T17:51:27","modified_gmt":"2023-06-30T22:51:27","slug":"rendicion-de-cuentas-2022","status":"publish","type":"post","link":"https:\/\/istvr.edu.ec\/web\/2023\/06\/30\/rendicion-de-cuentas-2022\/","title":{"rendered":"Rendici\u00f3n de Cuentas 2022"},"content":{"rendered":"\n<p>El Instituto Superior Tecnol\u00f3gico Vicente Rocafuerte realiz\u00f3 la audiencia p\u00fablica del proceso de Rendici\u00f3n de Cuentas, mediante el Informe de Gesti\u00f3n 2022. El evento cont\u00f3 con la participaci\u00f3n de estudiantes, docentes y autoridades del instituto. As\u00ed como Patricia Albarrac\u00edn, delegada de la Coordinaci\u00f3n Zonal 5 y 8 de la Secretar\u00eda de Educaci\u00f3n Superior, Ciencia, Tecnolog\u00eda e Innovaci\u00f3n.<\/p>\n\n\n\n<figure class=\"wp-block-image size-large\"><img loading=\"lazy\" decoding=\"async\" width=\"1024\" height=\"768\" src=\"http:\/\/istvr.edu.ec\/web\/wp-content\/uploads\/2023\/06\/P1050810--1024x768.jpg\" alt=\"\" class=\"wp-image-3149\" srcset=\"https:\/\/istvr.edu.ec\/web\/wp-content\/uploads\/2023\/06\/P1050810--1024x768.jpg 1024w, https:\/\/istvr.edu.ec\/web\/wp-content\/uploads\/2023\/06\/P1050810--300x225.jpg 300w, https:\/\/istvr.edu.ec\/web\/wp-content\/uploads\/2023\/06\/P1050810--768x576.jpg 768w, https:\/\/istvr.edu.ec\/web\/wp-content\/uploads\/2023\/06\/P1050810--1536x1152.jpg 1536w, https:\/\/istvr.edu.ec\/web\/wp-content\/uploads\/2023\/06\/P1050810--2048x1536.jpg 2048w, https:\/\/istvr.edu.ec\/web\/wp-content\/uploads\/2023\/06\/P1050810--1000x750.jpg 1000w, https:\/\/istvr.edu.ec\/web\/wp-content\/uploads\/2023\/06\/P1050810--230x173.jpg 230w, https:\/\/istvr.edu.ec\/web\/wp-content\/uploads\/2023\/06\/P1050810--350x263.jpg 350w, https:\/\/istvr.edu.ec\/web\/wp-content\/uploads\/2023\/06\/P1050810--480x360.jpg 480w\" sizes=\"auto, (max-width: 1024px) 100vw, 1024px\" \/><\/figure>\n\n\n\n<p>El rector, Roberto Lindao Montesdeoca, resalt\u00f3 los avances obtenidos y mencion\u00f3 que durante ese periodo el ISTVR cont\u00f3 con 2308 estudiantes matriculados. Mientras que en el \u00e1rea de investigaci\u00f3n el ISTVR fue debutante en la edici\u00f3n NASA SPACE APPS CHALLENGE 2022 y se ubic\u00f3 entre los 10 ganadores del Ecuador en su categor\u00eda, adem\u00e1s de ser el ganador de una menci\u00f3n de honor. Adem\u00e1s, realiz\u00f3 seis jornadas acad\u00e9micas, entrego reconocimientos a los docentes investigadores.<\/p>\n\n\n\n<figure class=\"wp-block-image size-large\"><img loading=\"lazy\" decoding=\"async\" width=\"1024\" height=\"768\" src=\"http:\/\/istvr.edu.ec\/web\/wp-content\/uploads\/2023\/06\/P1050813-1024x768.jpg\" alt=\"\" class=\"wp-image-3150\" srcset=\"https:\/\/istvr.edu.ec\/web\/wp-content\/uploads\/2023\/06\/P1050813-1024x768.jpg 1024w, https:\/\/istvr.edu.ec\/web\/wp-content\/uploads\/2023\/06\/P1050813-300x225.jpg 300w, https:\/\/istvr.edu.ec\/web\/wp-content\/uploads\/2023\/06\/P1050813-768x576.jpg 768w, https:\/\/istvr.edu.ec\/web\/wp-content\/uploads\/2023\/06\/P1050813-1536x1152.jpg 1536w, https:\/\/istvr.edu.ec\/web\/wp-content\/uploads\/2023\/06\/P1050813-2048x1536.jpg 2048w, https:\/\/istvr.edu.ec\/web\/wp-content\/uploads\/2023\/06\/P1050813-1000x750.jpg 1000w, https:\/\/istvr.edu.ec\/web\/wp-content\/uploads\/2023\/06\/P1050813-230x173.jpg 230w, https:\/\/istvr.edu.ec\/web\/wp-content\/uploads\/2023\/06\/P1050813-350x263.jpg 350w, https:\/\/istvr.edu.ec\/web\/wp-content\/uploads\/2023\/06\/P1050813-480x360.jpg 480w\" sizes=\"auto, (max-width: 1024px) 100vw, 1024px\" \/><\/figure>\n\n\n\n<p>En el \u00e1rea de titulaci\u00f3n, se graduaron 478 nuevos tecn\u00f3logos de las carreras de Dise\u00f1o de Modas, Banca y Finanzas, Comercio Exterior, Desarrollo Integral Infantil, Hoteler\u00eda y Turismo, Ensamblaje y Mantenimiento de Equipo de C\u00f3mputo, Inform\u00e1tica con Menci\u00f3n en Mantenimiento e instalaci\u00f3n de Redes, Turismo y Contabilidad. Durante el a\u00f1o 2022 se continu\u00f3 trabajando en convenios interinstitucionales, distribuidos en 42 convenios del \u00e1rea de Pr\u00e1cticas preprofesionales y 27 de Vinculaci\u00f3n con la Sociedad.<\/p>\n\n\n\n<figure class=\"wp-block-image size-large\"><img loading=\"lazy\" decoding=\"async\" width=\"1024\" height=\"768\" src=\"http:\/\/istvr.edu.ec\/web\/wp-content\/uploads\/2023\/06\/RC-2--1024x768.jpg\" alt=\"\" class=\"wp-image-3151\" srcset=\"https:\/\/istvr.edu.ec\/web\/wp-content\/uploads\/2023\/06\/RC-2--1024x768.jpg 1024w, https:\/\/istvr.edu.ec\/web\/wp-content\/uploads\/2023\/06\/RC-2--300x225.jpg 300w, https:\/\/istvr.edu.ec\/web\/wp-content\/uploads\/2023\/06\/RC-2--768x576.jpg 768w, https:\/\/istvr.edu.ec\/web\/wp-content\/uploads\/2023\/06\/RC-2--1536x1152.jpg 1536w, https:\/\/istvr.edu.ec\/web\/wp-content\/uploads\/2023\/06\/RC-2--2048x1536.jpg 2048w, https:\/\/istvr.edu.ec\/web\/wp-content\/uploads\/2023\/06\/RC-2--1000x750.jpg 1000w, https:\/\/istvr.edu.ec\/web\/wp-content\/uploads\/2023\/06\/RC-2--230x173.jpg 230w, https:\/\/istvr.edu.ec\/web\/wp-content\/uploads\/2023\/06\/RC-2--350x263.jpg 350w, https:\/\/istvr.edu.ec\/web\/wp-content\/uploads\/2023\/06\/RC-2--480x360.jpg 480w\" sizes=\"auto, (max-width: 1024px) 100vw, 1024px\" \/><\/figure>\n\n\n\n<p>La Unidad de Aseguramiento de la Calidad del ISTVR, en cumplimiento de sus funciones, planific\u00f3 y ejecut\u00f3 el proceso de evaluaci\u00f3n docente. 125 docentes fueron evaluados en sus respectivas \u00e1reas de conocimiento, por estudiantes, directivos y pares acad\u00e9micos. Actualmente, el Instituto Superior Tecnol\u00f3gico Vicente Rocafuerte cuenta con una planta docente calificada de 135 docentes, donde 107 son docentes tiempo completo, 28 docentes medio tiempo.<\/p>\n","protected":false},"excerpt":{"rendered":"<p>El Instituto Superior Tecnol\u00f3gico Vicente Rocafuerte realiz\u00f3 la audiencia p\u00fablica del proceso de Rendici\u00f3n de Cuentas, mediante el Informe de Gesti\u00f3n 2022. [&hellip;]<\/p>\n","protected":false},"author":1,"featured_media":3152,"comment_status":"open","ping_status":"open","sticky":false,"template":"","format":"standard","meta":{"pgc_sgb_lightbox_settings":"","footnotes":""},"categories":[3],"tags":[],"class_list":["post-3148","post","type-post","status-publish","format-standard","has-post-thumbnail","hentry","category-work"],"_links":{"self":[{"href":"https:\/\/istvr.edu.ec\/web\/wp-json\/wp\/v2\/posts\/3148","targetHints":{"allow":["GET"]}}],"collection":[{"href":"https:\/\/istvr.edu.ec\/web\/wp-json\/wp\/v2\/posts"}],"about":[{"href":"https:\/\/istvr.edu.ec\/web\/wp-json\/wp\/v2\/types\/post"}],"author":[{"embeddable":true,"href":"https:\/\/istvr.edu.ec\/web\/wp-json\/wp\/v2\/users\/1"}],"replies":[{"embeddable":true,"href":"https:\/\/istvr.edu.ec\/web\/wp-json\/wp\/v2\/comments?post=3148"}],"version-history":[{"count":1,"href":"https:\/\/istvr.edu.ec\/web\/wp-json\/wp\/v2\/posts\/3148\/revisions"}],"predecessor-version":[{"id":3153,"href":"https:\/\/istvr.edu.ec\/web\/wp-json\/wp\/v2\/posts\/3148\/revisions\/3153"}],"wp:featuredmedia":[{"embeddable":true,"href":"https:\/\/istvr.edu.ec\/web\/wp-json\/wp\/v2\/media\/3152"}],"wp:attachment":[{"href":"https:\/\/istvr.edu.ec\/web\/wp-json\/wp\/v2\/media?parent=3148"}],"wp:term":[{"taxonomy":"category","embeddable":true,"href":"https:\/\/istvr.edu.ec\/web\/wp-json\/wp\/v2\/categories?post=3148"},{"taxonomy":"post_tag","embeddable":true,"href":"https:\/\/istvr.edu.ec\/web\/wp-json\/wp\/v2\/tags?post=3148"}],"curies":[{"name":"wp","href":"https:\/\/api.w.org\/{rel}","templated":true}]}}