{"id":3138,"date":"2023-06-30T17:42:11","date_gmt":"2023-06-30T22:42:11","guid":{"rendered":"http:\/\/istvr.edu.ec\/web\/?p=3138"},"modified":"2023-06-30T17:42:11","modified_gmt":"2023-06-30T22:42:11","slug":"nuevos-tecnologos-istvr","status":"publish","type":"post","link":"https:\/\/istvr.edu.ec\/web\/2023\/06\/30\/nuevos-tecnologos-istvr\/","title":{"rendered":"Nuevos Tecn\u00f3logos ISTVR"},"content":{"rendered":"\n<p>Llenos de alegr\u00eda y sue\u00f1os cumplidos, 367 egresados del Instituto Superior Tecnol\u00f3gico Vicente Rocafuerte, obtuvieron el t\u00edtulo de Tercer Nivel, en la ceremonia de graduaci\u00f3n que realiz\u00f3 esta entidad de Educaci\u00f3n Superior el pasado 31 de mayo 2023. Durante cinco semestres los nuevos profesionales, cumplieron el proceso de formaci\u00f3n acad\u00e9mica integral, corresponden a las carreras de Tecnolog\u00eda en Banca y Finanzas, Comercio Exterior, Dise\u00f1o de Modas Hoteler\u00eda y Turismo. Y tambi\u00e9n se incorporaron los egresados de las carreras de Tecnolog\u00eda Superior en Hoteler\u00eda y Turismo, Tecnolog\u00eda Superior en Dise\u00f1o de Modas, Tecnolog\u00eda Superior en Comercio Exterior, Tecnolog\u00eda Superior en Contabilidad, Tecnolog\u00eda Superior en Dise\u00f1o y Mantenimiento de Redes, Tecnolog\u00eda Superior en Turismo, Tecnolog\u00eda Superior en Ensamblaje y Mantenimiento de Equipos de C\u00f3mputo.<\/p>\n\n\n\n<figure class=\"wp-block-image size-large\"><img loading=\"lazy\" decoding=\"async\" width=\"1024\" height=\"768\" src=\"http:\/\/istvr.edu.ec\/web\/wp-content\/uploads\/2023\/06\/FOTO-2-1024x768.jpeg\" alt=\"\" class=\"wp-image-3140\" srcset=\"https:\/\/istvr.edu.ec\/web\/wp-content\/uploads\/2023\/06\/FOTO-2-1024x768.jpeg 1024w, https:\/\/istvr.edu.ec\/web\/wp-content\/uploads\/2023\/06\/FOTO-2-300x225.jpeg 300w, https:\/\/istvr.edu.ec\/web\/wp-content\/uploads\/2023\/06\/FOTO-2-768x576.jpeg 768w, https:\/\/istvr.edu.ec\/web\/wp-content\/uploads\/2023\/06\/FOTO-2-1536x1153.jpeg 1536w, https:\/\/istvr.edu.ec\/web\/wp-content\/uploads\/2023\/06\/FOTO-2-1000x750.jpeg 1000w, https:\/\/istvr.edu.ec\/web\/wp-content\/uploads\/2023\/06\/FOTO-2-230x173.jpeg 230w, https:\/\/istvr.edu.ec\/web\/wp-content\/uploads\/2023\/06\/FOTO-2-350x263.jpeg 350w, https:\/\/istvr.edu.ec\/web\/wp-content\/uploads\/2023\/06\/FOTO-2-480x360.jpeg 480w, https:\/\/istvr.edu.ec\/web\/wp-content\/uploads\/2023\/06\/FOTO-2.jpeg 1599w\" sizes=\"auto, (max-width: 1024px) 100vw, 1024px\" \/><\/figure>\n\n\n\n<p>En el transcurso de los periodos acad\u00e9micos los ahora flamantes profesionales se prepararon para generar acciones en los servicios esenciales que aportaran la transformaci\u00f3n y al desarrollo del pa\u00eds, form\u00e1ndose con esp\u00edritu emprendedor, investigativo, human\u00edstico y sobre todo, comprometidos con el desarrollo y progreso de la sociedad.<\/p>\n\n\n\n<figure class=\"wp-block-image size-large\"><img loading=\"lazy\" decoding=\"async\" width=\"1024\" height=\"768\" src=\"http:\/\/istvr.edu.ec\/web\/wp-content\/uploads\/2023\/06\/FOTO-3-1024x768.jpeg\" alt=\"\" class=\"wp-image-3141\" srcset=\"https:\/\/istvr.edu.ec\/web\/wp-content\/uploads\/2023\/06\/FOTO-3-1024x768.jpeg 1024w, https:\/\/istvr.edu.ec\/web\/wp-content\/uploads\/2023\/06\/FOTO-3-300x225.jpeg 300w, https:\/\/istvr.edu.ec\/web\/wp-content\/uploads\/2023\/06\/FOTO-3-768x576.jpeg 768w, https:\/\/istvr.edu.ec\/web\/wp-content\/uploads\/2023\/06\/FOTO-3-1536x1152.jpeg 1536w, https:\/\/istvr.edu.ec\/web\/wp-content\/uploads\/2023\/06\/FOTO-3-1000x750.jpeg 1000w, https:\/\/istvr.edu.ec\/web\/wp-content\/uploads\/2023\/06\/FOTO-3-230x173.jpeg 230w, https:\/\/istvr.edu.ec\/web\/wp-content\/uploads\/2023\/06\/FOTO-3-350x263.jpeg 350w, https:\/\/istvr.edu.ec\/web\/wp-content\/uploads\/2023\/06\/FOTO-3-480x360.jpeg 480w, https:\/\/istvr.edu.ec\/web\/wp-content\/uploads\/2023\/06\/FOTO-3.jpeg 1600w\" sizes=\"auto, (max-width: 1024px) 100vw, 1024px\" \/><\/figure>\n\n\n\n<p>En el ofrecimiento del acto, el master Roberto Briones, Coordinador Zonal de la Coordinaci\u00f3n Zonal 8 de la Secretar\u00eda de Educaci\u00f3n Superior, Ciencia, Tecnolog\u00eda e Innovaci\u00f3n, dio un mensaje motivador a los nuevos profesionales.<br>Por su parte, Edgar Reyes Villamar, quien recibi\u00f3 una medalla de honor por ser el mejor graduado de la promoci\u00f3n 2022 de la carrera de Tecnolog\u00eda en Contabilidad, en su discurso reconoci\u00f3 el esfuerzo de sus compa\u00f1eros que lograron su meta y resalt\u00f3 la labor de los catedr\u00e1ticos \u00a8\u00a8Cada una de las carreras representada en este evento est\u00e1 conformada por profesionales que fueron formado por los mejores docentes que ofrecieron una educaci\u00f3n, de excelencia y que adem\u00e1s formaron buenas personas capaces de vencer cualquier dificultad que se podr\u00eda presentarse en el futuro\u00a8\u00a8. Enfatiz\u00f3 Reyes.<\/p>\n\n\n\n<figure class=\"wp-block-image size-large\"><img loading=\"lazy\" decoding=\"async\" width=\"807\" height=\"1024\" src=\"http:\/\/istvr.edu.ec\/web\/wp-content\/uploads\/2023\/06\/FOTO-4-807x1024.jpeg\" alt=\"\" class=\"wp-image-3142\" srcset=\"https:\/\/istvr.edu.ec\/web\/wp-content\/uploads\/2023\/06\/FOTO-4-807x1024.jpeg 807w, https:\/\/istvr.edu.ec\/web\/wp-content\/uploads\/2023\/06\/FOTO-4-237x300.jpeg 237w, https:\/\/istvr.edu.ec\/web\/wp-content\/uploads\/2023\/06\/FOTO-4-768x974.jpeg 768w, https:\/\/istvr.edu.ec\/web\/wp-content\/uploads\/2023\/06\/FOTO-4-1000x1268.jpeg 1000w, https:\/\/istvr.edu.ec\/web\/wp-content\/uploads\/2023\/06\/FOTO-4-230x292.jpeg 230w, https:\/\/istvr.edu.ec\/web\/wp-content\/uploads\/2023\/06\/FOTO-4-350x444.jpeg 350w, https:\/\/istvr.edu.ec\/web\/wp-content\/uploads\/2023\/06\/FOTO-4-480x609.jpeg 480w, https:\/\/istvr.edu.ec\/web\/wp-content\/uploads\/2023\/06\/FOTO-4.jpeg 1125w\" sizes=\"auto, (max-width: 807px) 100vw, 807px\" \/><\/figure>\n\n\n\n<p><strong>RECONOCIMIENTO<\/strong><br>En la ceremonia, se hizo el reconocimiento, a los mejores puntuados quienes recibieron diplomas de honor por sus excelentes calificaciones entre ellos constan, Zambrano Scott Anggie Carolina, Coronel Zamora Michael Douglas. Alfaro Espinoza Eliu Yasser y Baja\u00f1a Montes Carlos Alejandro<\/p>\n\n\n\n<figure class=\"wp-block-image size-large\"><img loading=\"lazy\" decoding=\"async\" width=\"768\" height=\"1024\" src=\"http:\/\/istvr.edu.ec\/web\/wp-content\/uploads\/2023\/06\/FOTO-6-768x1024.jpeg\" alt=\"\" class=\"wp-image-3143\" srcset=\"https:\/\/istvr.edu.ec\/web\/wp-content\/uploads\/2023\/06\/FOTO-6-768x1023.jpeg 768w, https:\/\/istvr.edu.ec\/web\/wp-content\/uploads\/2023\/06\/FOTO-6-225x300.jpeg 225w, https:\/\/istvr.edu.ec\/web\/wp-content\/uploads\/2023\/06\/FOTO-6-1153x1536.jpeg 1153w, https:\/\/istvr.edu.ec\/web\/wp-content\/uploads\/2023\/06\/FOTO-6-1000x1333.jpeg 1000w, https:\/\/istvr.edu.ec\/web\/wp-content\/uploads\/2023\/06\/FOTO-6-230x306.jpeg 230w, https:\/\/istvr.edu.ec\/web\/wp-content\/uploads\/2023\/06\/FOTO-6-350x466.jpeg 350w, https:\/\/istvr.edu.ec\/web\/wp-content\/uploads\/2023\/06\/FOTO-6-480x640.jpeg 480w, https:\/\/istvr.edu.ec\/web\/wp-content\/uploads\/2023\/06\/FOTO-6.jpeg 1200w\" sizes=\"auto, (max-width: 768px) 100vw, 768px\" \/><\/figure>\n\n\n\n<p>Al acto solemne asistieron autoridades, padres de familia, directivos, docente e invitados especiales y se realiz\u00f3 en el auditorio del Colegio Vicente Rocafuerte.<\/p>\n\n\n\n<figure class=\"wp-block-image size-large\"><img loading=\"lazy\" decoding=\"async\" width=\"868\" height=\"1024\" src=\"http:\/\/istvr.edu.ec\/web\/wp-content\/uploads\/2023\/06\/FPTP-5-868x1024.jpeg\" alt=\"\" class=\"wp-image-3144\" srcset=\"https:\/\/istvr.edu.ec\/web\/wp-content\/uploads\/2023\/06\/FPTP-5-868x1024.jpeg 868w, https:\/\/istvr.edu.ec\/web\/wp-content\/uploads\/2023\/06\/FPTP-5-254x300.jpeg 254w, https:\/\/istvr.edu.ec\/web\/wp-content\/uploads\/2023\/06\/FPTP-5-768x906.jpeg 768w, https:\/\/istvr.edu.ec\/web\/wp-content\/uploads\/2023\/06\/FPTP-5-1302x1536.jpeg 1302w, https:\/\/istvr.edu.ec\/web\/wp-content\/uploads\/2023\/06\/FPTP-5-1000x1180.jpeg 1000w, https:\/\/istvr.edu.ec\/web\/wp-content\/uploads\/2023\/06\/FPTP-5-230x271.jpeg 230w, https:\/\/istvr.edu.ec\/web\/wp-content\/uploads\/2023\/06\/FPTP-5-350x413.jpeg 350w, https:\/\/istvr.edu.ec\/web\/wp-content\/uploads\/2023\/06\/FPTP-5-480x566.jpeg 480w, https:\/\/istvr.edu.ec\/web\/wp-content\/uploads\/2023\/06\/FPTP-5.jpeg 1356w\" sizes=\"auto, (max-width: 868px) 100vw, 868px\" \/><\/figure>\n","protected":false},"excerpt":{"rendered":"<p>Llenos de alegr\u00eda y sue\u00f1os cumplidos, 367 egresados del Instituto Superior Tecnol\u00f3gico Vicente Rocafuerte, obtuvieron el t\u00edtulo de Tercer Nivel, en la [&hellip;]<\/p>\n","protected":false},"author":1,"featured_media":3145,"comment_status":"open","ping_status":"open","sticky":false,"template":"","format":"standard","meta":{"pgc_sgb_lightbox_settings":"","footnotes":""},"categories":[3],"tags":[],"class_list":["post-3138","post","type-post","status-publish","format-standard","has-post-thumbnail","hentry","category-work"],"_links":{"self":[{"href":"https:\/\/istvr.edu.ec\/web\/wp-json\/wp\/v2\/posts\/3138","targetHints":{"allow":["GET"]}}],"collection":[{"href":"https:\/\/istvr.edu.ec\/web\/wp-json\/wp\/v2\/posts"}],"about":[{"href":"https:\/\/istvr.edu.ec\/web\/wp-json\/wp\/v2\/types\/post"}],"author":[{"embeddable":true,"href":"https:\/\/istvr.edu.ec\/web\/wp-json\/wp\/v2\/users\/1"}],"replies":[{"embeddable":true,"href":"https:\/\/istvr.edu.ec\/web\/wp-json\/wp\/v2\/comments?post=3138"}],"version-history":[{"count":1,"href":"https:\/\/istvr.edu.ec\/web\/wp-json\/wp\/v2\/posts\/3138\/revisions"}],"predecessor-version":[{"id":3146,"href":"https:\/\/istvr.edu.ec\/web\/wp-json\/wp\/v2\/posts\/3138\/revisions\/3146"}],"wp:featuredmedia":[{"embeddable":true,"href":"https:\/\/istvr.edu.ec\/web\/wp-json\/wp\/v2\/media\/3145"}],"wp:attachment":[{"href":"https:\/\/istvr.edu.ec\/web\/wp-json\/wp\/v2\/media?parent=3138"}],"wp:term":[{"taxonomy":"category","embeddable":true,"href":"https:\/\/istvr.edu.ec\/web\/wp-json\/wp\/v2\/categories?post=3138"},{"taxonomy":"post_tag","embeddable":true,"href":"https:\/\/istvr.edu.ec\/web\/wp-json\/wp\/v2\/tags?post=3138"}],"curies":[{"name":"wp","href":"https:\/\/api.w.org\/{rel}","templated":true}]}}