{"id":3074,"date":"2023-06-15T10:53:58","date_gmt":"2023-06-15T15:53:58","guid":{"rendered":"http:\/\/istvr.edu.ec\/web\/?p=3074"},"modified":"2023-06-15T10:53:58","modified_gmt":"2023-06-15T15:53:58","slug":"xviii-anos-de-vida-institucional","status":"publish","type":"post","link":"https:\/\/istvr.edu.ec\/web\/2023\/06\/15\/xviii-anos-de-vida-institucional\/","title":{"rendered":"XVIII a\u00f1os de vida institucional"},"content":{"rendered":"\n<p>El Instituto Superior Tecnol\u00f3gico Vicente Rocafuerte, conmemor\u00f3 con mucha alegr\u00eda y compromiso su decimoctavo aniversario de vida institucional, constituy\u00e9ndose as\u00ed en una notable entidad educativa que aporta al desarrollo del pa\u00eds con profesionales en las carreras de Tecnolog\u00eda en Banca y Finanzas, Comercio Exterior, Hoteler\u00eda y Turismo, Inform\u00e1tica con menci\u00f3n en Mantenimiento e Instalaci\u00f3n de Redes, Inform\u00e1tica con menci\u00f3n en Mantenimiento y Ensamblaje de Equipos de C\u00f3mputo, Tecnolog\u00eda en Comercio Exterior, Tecnolog\u00eda en Dise\u00f1o de Modas, Tecnolog\u00eda en Desarrollo Infantil Integral. Con una emotiva Sesi\u00f3n Solemne, en la que participaron autoridades del Senescyt, Invitados especiales y Docentes, se record\u00f3 los inicios de este referente de educaci\u00f3n superior.<\/p>\n\n\n\n<figure class=\"wp-block-image size-large\"><img loading=\"lazy\" decoding=\"async\" width=\"1024\" height=\"675\" src=\"http:\/\/istvr.edu.ec\/web\/wp-content\/uploads\/2023\/06\/Imagen-de-WhatsApp-2023-06-12-a-las-14.57.59-1024x675.jpg\" alt=\"\" class=\"wp-image-3075\" srcset=\"https:\/\/istvr.edu.ec\/web\/wp-content\/uploads\/2023\/06\/Imagen-de-WhatsApp-2023-06-12-a-las-14.57.59-1024x675.jpg 1024w, https:\/\/istvr.edu.ec\/web\/wp-content\/uploads\/2023\/06\/Imagen-de-WhatsApp-2023-06-12-a-las-14.57.59-300x198.jpg 300w, https:\/\/istvr.edu.ec\/web\/wp-content\/uploads\/2023\/06\/Imagen-de-WhatsApp-2023-06-12-a-las-14.57.59-768x506.jpg 768w, https:\/\/istvr.edu.ec\/web\/wp-content\/uploads\/2023\/06\/Imagen-de-WhatsApp-2023-06-12-a-las-14.57.59-1536x1012.jpg 1536w, https:\/\/istvr.edu.ec\/web\/wp-content\/uploads\/2023\/06\/Imagen-de-WhatsApp-2023-06-12-a-las-14.57.59-1000x659.jpg 1000w, https:\/\/istvr.edu.ec\/web\/wp-content\/uploads\/2023\/06\/Imagen-de-WhatsApp-2023-06-12-a-las-14.57.59-230x152.jpg 230w, https:\/\/istvr.edu.ec\/web\/wp-content\/uploads\/2023\/06\/Imagen-de-WhatsApp-2023-06-12-a-las-14.57.59-350x231.jpg 350w, https:\/\/istvr.edu.ec\/web\/wp-content\/uploads\/2023\/06\/Imagen-de-WhatsApp-2023-06-12-a-las-14.57.59-480x316.jpg 480w, https:\/\/istvr.edu.ec\/web\/wp-content\/uploads\/2023\/06\/Imagen-de-WhatsApp-2023-06-12-a-las-14.57.59.jpg 1600w\" sizes=\"auto, (max-width: 1024px) 100vw, 1024px\" \/><\/figure>\n\n\n\n<p>El rector Roberto Lindado Montesdeoca, en su discurso expres\u00f3 un mensaje motivador a los asistentes. Dieciocho a\u00f1os de formar profesionales preparados para afrontar los desaf\u00edos de este mundo competitivo y din\u00e1mico, sin duda la mejor recompensa est\u00e1 en el resultado de tan ardua labor, prepara profesionales capacitados y comprometidos con el pa\u00eds, y eso gracias al esfuerzo de todos quienes formamos el ISTVR; aquellos estudiantes, docentes, personal administrativo, directivos y entes gubernamentales como la Senescyt, CES y CACES, qu\u00e9 reconocen qu\u00e9 la Educaci\u00f3n Superior, es el motor para cumplir aquellos proyectos de vida de los ecuatorianos, e impulsar el desarrollo econ\u00f3mico, productivo y social. La noble labor de formar profesionales, va m\u00e1s all\u00e1 de ense\u00f1ar.<\/p>\n\n\n\n<figure class=\"wp-block-image size-large\"><img loading=\"lazy\" decoding=\"async\" width=\"1024\" height=\"576\" src=\"http:\/\/istvr.edu.ec\/web\/wp-content\/uploads\/2023\/06\/Imagen-de-WhatsApp-2023-06-12-a-las-14.58.23-1024x576.jpg\" alt=\"\" class=\"wp-image-3076\" srcset=\"https:\/\/istvr.edu.ec\/web\/wp-content\/uploads\/2023\/06\/Imagen-de-WhatsApp-2023-06-12-a-las-14.58.23-1024x576.jpg 1024w, https:\/\/istvr.edu.ec\/web\/wp-content\/uploads\/2023\/06\/Imagen-de-WhatsApp-2023-06-12-a-las-14.58.23-300x169.jpg 300w, https:\/\/istvr.edu.ec\/web\/wp-content\/uploads\/2023\/06\/Imagen-de-WhatsApp-2023-06-12-a-las-14.58.23-768x432.jpg 768w, https:\/\/istvr.edu.ec\/web\/wp-content\/uploads\/2023\/06\/Imagen-de-WhatsApp-2023-06-12-a-las-14.58.23-1536x864.jpg 1536w, https:\/\/istvr.edu.ec\/web\/wp-content\/uploads\/2023\/06\/Imagen-de-WhatsApp-2023-06-12-a-las-14.58.23-1000x562.jpg 1000w, https:\/\/istvr.edu.ec\/web\/wp-content\/uploads\/2023\/06\/Imagen-de-WhatsApp-2023-06-12-a-las-14.58.23-230x129.jpg 230w, https:\/\/istvr.edu.ec\/web\/wp-content\/uploads\/2023\/06\/Imagen-de-WhatsApp-2023-06-12-a-las-14.58.23-350x197.jpg 350w, https:\/\/istvr.edu.ec\/web\/wp-content\/uploads\/2023\/06\/Imagen-de-WhatsApp-2023-06-12-a-las-14.58.23-480x270.jpg 480w, https:\/\/istvr.edu.ec\/web\/wp-content\/uploads\/2023\/06\/Imagen-de-WhatsApp-2023-06-12-a-las-14.58.23.jpg 1599w\" sizes=\"auto, (max-width: 1024px) 100vw, 1024px\" \/><\/figure>\n\n\n\n<p>Educar es generar un espacio de convivencia para acompa\u00f1ar a los educandos en su proceso de ense\u00f1anza &#8211; aprendizaje, a fin de lograr tecn\u00f3logos investigadores, qu\u00e9 no s\u00f3lo se conformen con la teor\u00eda y pr\u00e1ctica, sino que busquen m\u00e9todos innovadores qu\u00e9 les permitan ser m\u00e1s eficientes, \u00e9ticos, razonadores y cr\u00edticos, emprendedores e indagadores, mediante el ejercicio de los valores universales, poniendo en alto al Instituto Superior Tecnol\u00f3gico Vicente Rocafuerte. \u00a1Seguiremos esforz\u00e1ndonos con la misma ilusi\u00f3n del primer d\u00eda, comprometidos con la visi\u00f3n de un mejor Ecuador para todos! Que viva el Instituto Superior Tecnol\u00f3gico Vicente Rocafuerte en sus 18 a\u00f1os\u00a8\u00a8concluy\u00f3 Lindao.<\/p>\n\n\n\n<figure class=\"wp-block-image size-large\"><img loading=\"lazy\" decoding=\"async\" width=\"1024\" height=\"768\" src=\"http:\/\/istvr.edu.ec\/web\/wp-content\/uploads\/2023\/06\/Imagen-de-WhatsApp-2023-06-12-a-las-14.59.17-1024x768.jpg\" alt=\"\" class=\"wp-image-3077\" srcset=\"https:\/\/istvr.edu.ec\/web\/wp-content\/uploads\/2023\/06\/Imagen-de-WhatsApp-2023-06-12-a-las-14.59.17-1024x768.jpg 1024w, https:\/\/istvr.edu.ec\/web\/wp-content\/uploads\/2023\/06\/Imagen-de-WhatsApp-2023-06-12-a-las-14.59.17-300x225.jpg 300w, https:\/\/istvr.edu.ec\/web\/wp-content\/uploads\/2023\/06\/Imagen-de-WhatsApp-2023-06-12-a-las-14.59.17-768x576.jpg 768w, https:\/\/istvr.edu.ec\/web\/wp-content\/uploads\/2023\/06\/Imagen-de-WhatsApp-2023-06-12-a-las-14.59.17-1536x1153.jpg 1536w, https:\/\/istvr.edu.ec\/web\/wp-content\/uploads\/2023\/06\/Imagen-de-WhatsApp-2023-06-12-a-las-14.59.17-1000x750.jpg 1000w, https:\/\/istvr.edu.ec\/web\/wp-content\/uploads\/2023\/06\/Imagen-de-WhatsApp-2023-06-12-a-las-14.59.17-230x173.jpg 230w, https:\/\/istvr.edu.ec\/web\/wp-content\/uploads\/2023\/06\/Imagen-de-WhatsApp-2023-06-12-a-las-14.59.17-350x263.jpg 350w, https:\/\/istvr.edu.ec\/web\/wp-content\/uploads\/2023\/06\/Imagen-de-WhatsApp-2023-06-12-a-las-14.59.17-480x360.jpg 480w, https:\/\/istvr.edu.ec\/web\/wp-content\/uploads\/2023\/06\/Imagen-de-WhatsApp-2023-06-12-a-las-14.59.17.jpg 1599w\" sizes=\"auto, (max-width: 1024px) 100vw, 1024px\" \/><\/figure>\n\n\n\n<p>Desde su creaci\u00f3n el 29 de abril del 2005 el ISTVR, ha sido liderado por hombres y mujeres llenos de valores y dedicaci\u00f3n apoyados por un gran equipo humano con la finalidad de hacer de este instituto, uno de los mejores.<br>Por su parte la Magister, . Flor Villafuerte Quizhpi, Coordinadora Zonal 8 de la Secretar\u00eda de Educaci\u00f3n Superior Ciencia y Tecnolog\u00eda e Innovaci\u00f3n, resalt\u00f3 la importancia de impulsar desde esa cartera del Estado, las carreras t\u00e9cnicas y tecnol\u00f3gicas que en poco tiempo se puede lograr t\u00edtulos de tercer nivel, sin dejar de lado la excelencia.<br>Durante el evento se entregaron reconocimientos a los catedr\u00e1ticos emblem\u00e1ticos que obtuvieron la m\u00e1xima calificaci\u00f3n en la evaluaci\u00f3n docente periodo 2022, adem\u00e1s el ITVR, recibi\u00f3 varios reconocimientos por su gesti\u00f3n.<br>El evento se llev\u00f3 a cabo en el Auditorio del Gobierno Zonal, donde los estudiantes de la carrera de Turismos, tambi\u00e9n rindieron homenaje a su instituci\u00f3n educativa con presentaciones art\u00edsticas y bailes folcl\u00f3ricos.<\/p>\n\n\n\n<figure class=\"wp-block-image size-large\"><img loading=\"lazy\" decoding=\"async\" width=\"1024\" height=\"462\" src=\"http:\/\/istvr.edu.ec\/web\/wp-content\/uploads\/2023\/06\/Imagen-de-WhatsApp-2023-06-12-a-las-14.59.18-1024x462.jpg\" alt=\"\" class=\"wp-image-3078\" srcset=\"https:\/\/istvr.edu.ec\/web\/wp-content\/uploads\/2023\/06\/Imagen-de-WhatsApp-2023-06-12-a-las-14.59.18-1024x462.jpg 1024w, https:\/\/istvr.edu.ec\/web\/wp-content\/uploads\/2023\/06\/Imagen-de-WhatsApp-2023-06-12-a-las-14.59.18-300x135.jpg 300w, https:\/\/istvr.edu.ec\/web\/wp-content\/uploads\/2023\/06\/Imagen-de-WhatsApp-2023-06-12-a-las-14.59.18-768x347.jpg 768w, https:\/\/istvr.edu.ec\/web\/wp-content\/uploads\/2023\/06\/Imagen-de-WhatsApp-2023-06-12-a-las-14.59.18-1536x694.jpg 1536w, https:\/\/istvr.edu.ec\/web\/wp-content\/uploads\/2023\/06\/Imagen-de-WhatsApp-2023-06-12-a-las-14.59.18-1000x452.jpg 1000w, https:\/\/istvr.edu.ec\/web\/wp-content\/uploads\/2023\/06\/Imagen-de-WhatsApp-2023-06-12-a-las-14.59.18-230x104.jpg 230w, https:\/\/istvr.edu.ec\/web\/wp-content\/uploads\/2023\/06\/Imagen-de-WhatsApp-2023-06-12-a-las-14.59.18-350x158.jpg 350w, https:\/\/istvr.edu.ec\/web\/wp-content\/uploads\/2023\/06\/Imagen-de-WhatsApp-2023-06-12-a-las-14.59.18-480x217.jpg 480w, https:\/\/istvr.edu.ec\/web\/wp-content\/uploads\/2023\/06\/Imagen-de-WhatsApp-2023-06-12-a-las-14.59.18.jpg 1599w\" sizes=\"auto, (max-width: 1024px) 100vw, 1024px\" \/><\/figure>\n","protected":false},"excerpt":{"rendered":"<p>El Instituto Superior Tecnol\u00f3gico Vicente Rocafuerte, conmemor\u00f3 con mucha alegr\u00eda y compromiso su decimoctavo aniversario de vida institucional, constituy\u00e9ndose as\u00ed en una [&hellip;]<\/p>\n","protected":false},"author":1,"featured_media":3079,"comment_status":"open","ping_status":"open","sticky":false,"template":"","format":"standard","meta":{"pgc_sgb_lightbox_settings":"","footnotes":""},"categories":[3],"tags":[],"class_list":["post-3074","post","type-post","status-publish","format-standard","has-post-thumbnail","hentry","category-work"],"_links":{"self":[{"href":"https:\/\/istvr.edu.ec\/web\/wp-json\/wp\/v2\/posts\/3074","targetHints":{"allow":["GET"]}}],"collection":[{"href":"https:\/\/istvr.edu.ec\/web\/wp-json\/wp\/v2\/posts"}],"about":[{"href":"https:\/\/istvr.edu.ec\/web\/wp-json\/wp\/v2\/types\/post"}],"author":[{"embeddable":true,"href":"https:\/\/istvr.edu.ec\/web\/wp-json\/wp\/v2\/users\/1"}],"replies":[{"embeddable":true,"href":"https:\/\/istvr.edu.ec\/web\/wp-json\/wp\/v2\/comments?post=3074"}],"version-history":[{"count":1,"href":"https:\/\/istvr.edu.ec\/web\/wp-json\/wp\/v2\/posts\/3074\/revisions"}],"predecessor-version":[{"id":3080,"href":"https:\/\/istvr.edu.ec\/web\/wp-json\/wp\/v2\/posts\/3074\/revisions\/3080"}],"wp:featuredmedia":[{"embeddable":true,"href":"https:\/\/istvr.edu.ec\/web\/wp-json\/wp\/v2\/media\/3079"}],"wp:attachment":[{"href":"https:\/\/istvr.edu.ec\/web\/wp-json\/wp\/v2\/media?parent=3074"}],"wp:term":[{"taxonomy":"category","embeddable":true,"href":"https:\/\/istvr.edu.ec\/web\/wp-json\/wp\/v2\/categories?post=3074"},{"taxonomy":"post_tag","embeddable":true,"href":"https:\/\/istvr.edu.ec\/web\/wp-json\/wp\/v2\/tags?post=3074"}],"curies":[{"name":"wp","href":"https:\/\/api.w.org\/{rel}","templated":true}]}}