{"id":2879,"date":"2023-03-10T11:44:39","date_gmt":"2023-03-10T16:44:39","guid":{"rendered":"http:\/\/istvr.edu.ec\/web\/?p=2879"},"modified":"2023-03-10T11:44:39","modified_gmt":"2023-03-10T16:44:39","slug":"casa-abierta-cultural","status":"publish","type":"post","link":"https:\/\/istvr.edu.ec\/web\/2023\/03\/10\/casa-abierta-cultural\/","title":{"rendered":"Casa Abierta Cultural"},"content":{"rendered":"\n<p><strong>Carrera de Turismo del ISTVR, realiza Casa abierta cultural por conmemorarse Pawkar Raymi<\/strong><\/p>\n\n\n\n<p>Con una casa abierta, desfiles culturales, baile de cada cultura y rituales ancestrales, la carrera de Turismo del Instituto Superior Tecnol\u00f3gico Vicente Rocafuerte, celebr\u00f3 este lunes seis de marzo, el D\u00eda de Pawkar Raymi, tradici\u00f3n quechua que significa el nacimiento o celebraci\u00f3n de las frutas.<\/p>\n\n\n\n<figure class=\"wp-block-image size-large\"><img loading=\"lazy\" decoding=\"async\" width=\"1024\" height=\"683\" src=\"http:\/\/istvr.edu.ec\/web\/wp-content\/uploads\/2023\/03\/DSC_0307-1024x683.jpg\" alt=\"\" class=\"wp-image-2881\" srcset=\"https:\/\/istvr.edu.ec\/web\/wp-content\/uploads\/2023\/03\/DSC_0307-1024x683.jpg 1024w, https:\/\/istvr.edu.ec\/web\/wp-content\/uploads\/2023\/03\/DSC_0307-300x200.jpg 300w, https:\/\/istvr.edu.ec\/web\/wp-content\/uploads\/2023\/03\/DSC_0307-768x512.jpg 768w, https:\/\/istvr.edu.ec\/web\/wp-content\/uploads\/2023\/03\/DSC_0307-1536x1024.jpg 1536w, https:\/\/istvr.edu.ec\/web\/wp-content\/uploads\/2023\/03\/DSC_0307-2048x1365.jpg 2048w, https:\/\/istvr.edu.ec\/web\/wp-content\/uploads\/2023\/03\/DSC_0307-1000x667.jpg 1000w, https:\/\/istvr.edu.ec\/web\/wp-content\/uploads\/2023\/03\/DSC_0307-230x153.jpg 230w, https:\/\/istvr.edu.ec\/web\/wp-content\/uploads\/2023\/03\/DSC_0307-350x233.jpg 350w, https:\/\/istvr.edu.ec\/web\/wp-content\/uploads\/2023\/03\/DSC_0307-480x320.jpg 480w\" sizes=\"auto, (max-width: 1024px) 100vw, 1024px\" \/><\/figure>\n\n\n\n<p>En el territorio ecuatoriano existen diferentes culturas y etnias que se distribuyen en las cuatro regiones del pa\u00eds, cada pueblo se diferencia por: las costumbres, tradiciones, lenguajes, vestimentas, m\u00fasica, arte y gastronom\u00eda. La diversidad cultural es tambi\u00e9n conocida como la herencia ancestral, que se transmite de generaci\u00f3n en generaci\u00f3n. En este contexto los estudiantes y docentes de la carrera de Turismo llevaron a cabo esta ceremonia.<\/p>\n\n\n\n<figure class=\"wp-block-image size-large\"><img loading=\"lazy\" decoding=\"async\" width=\"1024\" height=\"683\" src=\"http:\/\/istvr.edu.ec\/web\/wp-content\/uploads\/2023\/03\/DSC_0345-1024x683.jpg\" alt=\"\" class=\"wp-image-2882\" srcset=\"https:\/\/istvr.edu.ec\/web\/wp-content\/uploads\/2023\/03\/DSC_0345-1024x683.jpg 1024w, https:\/\/istvr.edu.ec\/web\/wp-content\/uploads\/2023\/03\/DSC_0345-300x200.jpg 300w, https:\/\/istvr.edu.ec\/web\/wp-content\/uploads\/2023\/03\/DSC_0345-768x512.jpg 768w, https:\/\/istvr.edu.ec\/web\/wp-content\/uploads\/2023\/03\/DSC_0345-1536x1024.jpg 1536w, https:\/\/istvr.edu.ec\/web\/wp-content\/uploads\/2023\/03\/DSC_0345-2048x1365.jpg 2048w, https:\/\/istvr.edu.ec\/web\/wp-content\/uploads\/2023\/03\/DSC_0345-1000x667.jpg 1000w, https:\/\/istvr.edu.ec\/web\/wp-content\/uploads\/2023\/03\/DSC_0345-230x153.jpg 230w, https:\/\/istvr.edu.ec\/web\/wp-content\/uploads\/2023\/03\/DSC_0345-350x233.jpg 350w, https:\/\/istvr.edu.ec\/web\/wp-content\/uploads\/2023\/03\/DSC_0345-480x320.jpg 480w\" sizes=\"auto, (max-width: 1024px) 100vw, 1024px\" \/><\/figure>\n\n\n\n<p>En su discurso de apertura del acto el Mag\u00edster Roberto Lindao, Montesdeoca, rector del STVR, resalt\u00f3 la importancia de estos eventos culturales y acad\u00e9micos que permiten a los estudiantes conocer en la pr\u00e1ctica m\u00e1s de los recursos y el folklor del Ecuador.<\/p>\n\n\n\n<figure class=\"wp-block-image size-large\"><img loading=\"lazy\" decoding=\"async\" width=\"1024\" height=\"683\" src=\"http:\/\/istvr.edu.ec\/web\/wp-content\/uploads\/2023\/03\/DSC_0365-1024x683.jpg\" alt=\"\" class=\"wp-image-2883\" srcset=\"https:\/\/istvr.edu.ec\/web\/wp-content\/uploads\/2023\/03\/DSC_0365-1024x683.jpg 1024w, https:\/\/istvr.edu.ec\/web\/wp-content\/uploads\/2023\/03\/DSC_0365-300x200.jpg 300w, https:\/\/istvr.edu.ec\/web\/wp-content\/uploads\/2023\/03\/DSC_0365-768x512.jpg 768w, https:\/\/istvr.edu.ec\/web\/wp-content\/uploads\/2023\/03\/DSC_0365-1536x1024.jpg 1536w, https:\/\/istvr.edu.ec\/web\/wp-content\/uploads\/2023\/03\/DSC_0365-2048x1365.jpg 2048w, https:\/\/istvr.edu.ec\/web\/wp-content\/uploads\/2023\/03\/DSC_0365-1000x667.jpg 1000w, https:\/\/istvr.edu.ec\/web\/wp-content\/uploads\/2023\/03\/DSC_0365-230x153.jpg 230w, https:\/\/istvr.edu.ec\/web\/wp-content\/uploads\/2023\/03\/DSC_0365-350x233.jpg 350w, https:\/\/istvr.edu.ec\/web\/wp-content\/uploads\/2023\/03\/DSC_0365-480x320.jpg 480w\" sizes=\"auto, (max-width: 1024px) 100vw, 1024px\" \/><\/figure>\n\n\n\n<p>La ceremonia cont\u00f3 con la participaci\u00f3n art\u00edstica y cultural de los estudiantes de segundo y tercer semestres de las jornadas matutina y nocturna, quienes representaron a los pueblos Montubios; Recreaci\u00f3n e interpretaci\u00f3n de la ceremonia de Pawkar Raymi, participaci\u00f3n demostrativa de los pueblos y nacionalidad m\u00e1s relevantes del Ecuador y la exhibici\u00f3n cultural de las civilizaciones m\u00e1s representativas.<\/p>\n\n\n\n<figure class=\"wp-block-image size-large\"><img loading=\"lazy\" decoding=\"async\" width=\"1024\" height=\"683\" src=\"http:\/\/istvr.edu.ec\/web\/wp-content\/uploads\/2023\/03\/DSC_0368-1024x683.jpg\" alt=\"\" class=\"wp-image-2884\" srcset=\"https:\/\/istvr.edu.ec\/web\/wp-content\/uploads\/2023\/03\/DSC_0368-1024x683.jpg 1024w, https:\/\/istvr.edu.ec\/web\/wp-content\/uploads\/2023\/03\/DSC_0368-300x200.jpg 300w, https:\/\/istvr.edu.ec\/web\/wp-content\/uploads\/2023\/03\/DSC_0368-768x512.jpg 768w, https:\/\/istvr.edu.ec\/web\/wp-content\/uploads\/2023\/03\/DSC_0368-1536x1024.jpg 1536w, https:\/\/istvr.edu.ec\/web\/wp-content\/uploads\/2023\/03\/DSC_0368-2048x1365.jpg 2048w, https:\/\/istvr.edu.ec\/web\/wp-content\/uploads\/2023\/03\/DSC_0368-1000x667.jpg 1000w, https:\/\/istvr.edu.ec\/web\/wp-content\/uploads\/2023\/03\/DSC_0368-230x153.jpg 230w, https:\/\/istvr.edu.ec\/web\/wp-content\/uploads\/2023\/03\/DSC_0368-350x233.jpg 350w, https:\/\/istvr.edu.ec\/web\/wp-content\/uploads\/2023\/03\/DSC_0368-480x320.jpg 480w\" sizes=\"auto, (max-width: 1024px) 100vw, 1024px\" \/><\/figure>\n\n\n\n<p>Todos estos conocimientos son impartidos en las aulas de clases de las asignaturas de Folklor ecuatoriano e Historia del arte, con el objetivo de contribuir con la formaci\u00f3n de los futuros profesionales de la carrera de Tecnolog\u00eda Superior en Turismo, permiti\u00e9ndoles a los estudiantes comprender la historia desde diversas perspectivas, a valorar los elementos del folklore nacional e internacional e interpretan tradiciones y costumbres culturales de civilizaciones, pueblos y nacionalidades relacionadas directamente con el contexto tur\u00edstico del Ecuador y el resto del mundo.<\/p>\n\n\n\n<figure class=\"wp-block-image size-large\"><img loading=\"lazy\" decoding=\"async\" width=\"1024\" height=\"683\" src=\"http:\/\/istvr.edu.ec\/web\/wp-content\/uploads\/2023\/03\/DSC_0434-1024x683.jpg\" alt=\"\" class=\"wp-image-2885\" srcset=\"https:\/\/istvr.edu.ec\/web\/wp-content\/uploads\/2023\/03\/DSC_0434-1024x683.jpg 1024w, https:\/\/istvr.edu.ec\/web\/wp-content\/uploads\/2023\/03\/DSC_0434-300x200.jpg 300w, https:\/\/istvr.edu.ec\/web\/wp-content\/uploads\/2023\/03\/DSC_0434-768x512.jpg 768w, https:\/\/istvr.edu.ec\/web\/wp-content\/uploads\/2023\/03\/DSC_0434-1536x1024.jpg 1536w, https:\/\/istvr.edu.ec\/web\/wp-content\/uploads\/2023\/03\/DSC_0434-2048x1365.jpg 2048w, https:\/\/istvr.edu.ec\/web\/wp-content\/uploads\/2023\/03\/DSC_0434-1000x667.jpg 1000w, https:\/\/istvr.edu.ec\/web\/wp-content\/uploads\/2023\/03\/DSC_0434-230x153.jpg 230w, https:\/\/istvr.edu.ec\/web\/wp-content\/uploads\/2023\/03\/DSC_0434-350x233.jpg 350w, https:\/\/istvr.edu.ec\/web\/wp-content\/uploads\/2023\/03\/DSC_0434-480x320.jpg 480w\" sizes=\"auto, (max-width: 1024px) 100vw, 1024px\" \/><\/figure>\n\n\n\n<p>El evento se realiz\u00f3 en el coliseo del Colegio Vicente Rocafuerte y cont\u00f3 con la participaci\u00f3n de toda la comunidad educativa e invitados especiales como Licenciada Ivonne Velasco Caicedo, quien realiz\u00f3 la disertaci\u00f3n sobre muestra de la escultura de la Mujer Andina.<\/p>\n\n\n\n<figure class=\"wp-block-image size-large\"><img loading=\"lazy\" decoding=\"async\" width=\"1024\" height=\"683\" src=\"http:\/\/istvr.edu.ec\/web\/wp-content\/uploads\/2023\/03\/DSC_0389-1-1024x683.jpg\" alt=\"\" class=\"wp-image-2886\" srcset=\"https:\/\/istvr.edu.ec\/web\/wp-content\/uploads\/2023\/03\/DSC_0389-1-1024x683.jpg 1024w, https:\/\/istvr.edu.ec\/web\/wp-content\/uploads\/2023\/03\/DSC_0389-1-300x200.jpg 300w, https:\/\/istvr.edu.ec\/web\/wp-content\/uploads\/2023\/03\/DSC_0389-1-768x512.jpg 768w, https:\/\/istvr.edu.ec\/web\/wp-content\/uploads\/2023\/03\/DSC_0389-1-1536x1024.jpg 1536w, https:\/\/istvr.edu.ec\/web\/wp-content\/uploads\/2023\/03\/DSC_0389-1-2048x1365.jpg 2048w, https:\/\/istvr.edu.ec\/web\/wp-content\/uploads\/2023\/03\/DSC_0389-1-1000x667.jpg 1000w, https:\/\/istvr.edu.ec\/web\/wp-content\/uploads\/2023\/03\/DSC_0389-1-230x153.jpg 230w, https:\/\/istvr.edu.ec\/web\/wp-content\/uploads\/2023\/03\/DSC_0389-1-350x233.jpg 350w, https:\/\/istvr.edu.ec\/web\/wp-content\/uploads\/2023\/03\/DSC_0389-1-480x320.jpg 480w\" sizes=\"auto, (max-width: 1024px) 100vw, 1024px\" \/><\/figure>\n","protected":false},"excerpt":{"rendered":"<p>Carrera de Turismo del ISTVR, realiza Casa abierta cultural por conmemorarse Pawkar Raymi Con una casa abierta, desfiles culturales, baile de cada [&hellip;]<\/p>\n","protected":false},"author":1,"featured_media":2887,"comment_status":"open","ping_status":"open","sticky":false,"template":"","format":"standard","meta":{"pgc_sgb_lightbox_settings":"","footnotes":""},"categories":[3],"tags":[],"class_list":["post-2879","post","type-post","status-publish","format-standard","has-post-thumbnail","hentry","category-work"],"_links":{"self":[{"href":"https:\/\/istvr.edu.ec\/web\/wp-json\/wp\/v2\/posts\/2879","targetHints":{"allow":["GET"]}}],"collection":[{"href":"https:\/\/istvr.edu.ec\/web\/wp-json\/wp\/v2\/posts"}],"about":[{"href":"https:\/\/istvr.edu.ec\/web\/wp-json\/wp\/v2\/types\/post"}],"author":[{"embeddable":true,"href":"https:\/\/istvr.edu.ec\/web\/wp-json\/wp\/v2\/users\/1"}],"replies":[{"embeddable":true,"href":"https:\/\/istvr.edu.ec\/web\/wp-json\/wp\/v2\/comments?post=2879"}],"version-history":[{"count":1,"href":"https:\/\/istvr.edu.ec\/web\/wp-json\/wp\/v2\/posts\/2879\/revisions"}],"predecessor-version":[{"id":2888,"href":"https:\/\/istvr.edu.ec\/web\/wp-json\/wp\/v2\/posts\/2879\/revisions\/2888"}],"wp:featuredmedia":[{"embeddable":true,"href":"https:\/\/istvr.edu.ec\/web\/wp-json\/wp\/v2\/media\/2887"}],"wp:attachment":[{"href":"https:\/\/istvr.edu.ec\/web\/wp-json\/wp\/v2\/media?parent=2879"}],"wp:term":[{"taxonomy":"category","embeddable":true,"href":"https:\/\/istvr.edu.ec\/web\/wp-json\/wp\/v2\/categories?post=2879"},{"taxonomy":"post_tag","embeddable":true,"href":"https:\/\/istvr.edu.ec\/web\/wp-json\/wp\/v2\/tags?post=2879"}],"curies":[{"name":"wp","href":"https:\/\/api.w.org\/{rel}","templated":true}]}}