{"id":2846,"date":"2023-02-02T15:28:23","date_gmt":"2023-02-02T20:28:23","guid":{"rendered":"http:\/\/istvr.edu.ec\/web\/?p=2846"},"modified":"2023-03-10T11:34:34","modified_gmt":"2023-03-10T16:34:34","slug":"proyectos-de-vinculacion-con-la-sociedad","status":"publish","type":"post","link":"https:\/\/istvr.edu.ec\/web\/2023\/02\/02\/proyectos-de-vinculacion-con-la-sociedad\/","title":{"rendered":"Proyectos de Vinculaci\u00f3n con la Sociedad"},"content":{"rendered":"\n<p><strong>ISTVR presenta resultados de los proyectos de vinculaci\u00f3n con la sociedad ejecutados en la zona 8<\/strong><\/p>\n\n\n\n<p>Mediante un conversatorio conformado por las autoridades, gestores, estudiantes y beneficiarios, la Coordinaci\u00f3n de Vinculaci\u00f3n con la Sociedad del Instituto Superior Tecnol\u00f3gico Vicente Rocafuerte, present\u00f3 a la comunidad ISTVR, los resultados obtenidos en los proyectos de vinculaci\u00f3n con la sociedad durante los periodos acad\u00e9micos 2021-2 y 2022-1, ejecutados en diferentes sectores del Guayas.<\/p>\n\n\n\n<figure class=\"wp-block-image size-large\"><img loading=\"lazy\" decoding=\"async\" width=\"1024\" height=\"683\" src=\"http:\/\/istvr.edu.ec\/web\/wp-content\/uploads\/2023\/03\/DSC_0136-1024x683.jpg\" alt=\"\" class=\"wp-image-2870\" srcset=\"https:\/\/istvr.edu.ec\/web\/wp-content\/uploads\/2023\/03\/DSC_0136-1024x683.jpg 1024w, https:\/\/istvr.edu.ec\/web\/wp-content\/uploads\/2023\/03\/DSC_0136-300x200.jpg 300w, https:\/\/istvr.edu.ec\/web\/wp-content\/uploads\/2023\/03\/DSC_0136-768x512.jpg 768w, https:\/\/istvr.edu.ec\/web\/wp-content\/uploads\/2023\/03\/DSC_0136-1536x1024.jpg 1536w, https:\/\/istvr.edu.ec\/web\/wp-content\/uploads\/2023\/03\/DSC_0136-2048x1365.jpg 2048w, https:\/\/istvr.edu.ec\/web\/wp-content\/uploads\/2023\/03\/DSC_0136-1000x667.jpg 1000w, https:\/\/istvr.edu.ec\/web\/wp-content\/uploads\/2023\/03\/DSC_0136-230x153.jpg 230w, https:\/\/istvr.edu.ec\/web\/wp-content\/uploads\/2023\/03\/DSC_0136-350x233.jpg 350w, https:\/\/istvr.edu.ec\/web\/wp-content\/uploads\/2023\/03\/DSC_0136-480x320.jpg 480w\" sizes=\"auto, (max-width: 1024px) 100vw, 1024px\" \/><\/figure>\n\n\n\n<p>El evento se realiz\u00f3 con el objetivo de interactuar con la sociedad mediante la difusi\u00f3n de los resultados obtenidos en actividades acad\u00e9micas, tales como: programas y proyectos de vinculaci\u00f3n, de investigaci\u00f3n o procesos de innovaci\u00f3n tecnol\u00f3gica, para coadyuvar a la resoluci\u00f3n de las demandas sociales y potenciar la vinculaci\u00f3n del Instituto Superior Tecnol\u00f3gico Vicente Rocafuerte con la sociedad, por medio de alianzas estrat\u00e9gicas y convenios interinstitucionales con perspectiva de estrechar lazos entre la comunidad ISTVR y su entorno, orient\u00e1ndolos al mejoramiento de la calidad de vida.<\/p>\n\n\n\n<figure class=\"wp-block-image size-large\"><img loading=\"lazy\" decoding=\"async\" width=\"1024\" height=\"683\" src=\"http:\/\/istvr.edu.ec\/web\/wp-content\/uploads\/2023\/03\/DSC_0060-1024x683.jpg\" alt=\"\" class=\"wp-image-2871\" srcset=\"https:\/\/istvr.edu.ec\/web\/wp-content\/uploads\/2023\/03\/DSC_0060-1024x683.jpg 1024w, https:\/\/istvr.edu.ec\/web\/wp-content\/uploads\/2023\/03\/DSC_0060-300x200.jpg 300w, https:\/\/istvr.edu.ec\/web\/wp-content\/uploads\/2023\/03\/DSC_0060-768x512.jpg 768w, https:\/\/istvr.edu.ec\/web\/wp-content\/uploads\/2023\/03\/DSC_0060-1536x1024.jpg 1536w, https:\/\/istvr.edu.ec\/web\/wp-content\/uploads\/2023\/03\/DSC_0060-2048x1365.jpg 2048w, https:\/\/istvr.edu.ec\/web\/wp-content\/uploads\/2023\/03\/DSC_0060-1000x667.jpg 1000w, https:\/\/istvr.edu.ec\/web\/wp-content\/uploads\/2023\/03\/DSC_0060-230x153.jpg 230w, https:\/\/istvr.edu.ec\/web\/wp-content\/uploads\/2023\/03\/DSC_0060-350x233.jpg 350w, https:\/\/istvr.edu.ec\/web\/wp-content\/uploads\/2023\/03\/DSC_0060-480x320.jpg 480w\" sizes=\"auto, (max-width: 1024px) 100vw, 1024px\" \/><\/figure>\n\n\n\n<p>La educaci\u00f3n superior se rige por tres ejes fundamentales tales como la docencia, la investigaci\u00f3n y la vinculaci\u00f3n con la sociedad. En este contexto el Mag\u00edster Roberto Lindao, Montesdeoca, rector del STVR en su ofrecimiento del acto, manifest\u00f3 que el rol principal de esta entidad de educaci\u00f3n superior es generar conocimiento, difundirlos y evaluar su impacto en t\u00e9rminos de contribuci\u00f3n al desarrollo cient\u00edfico, tecnol\u00f3gico y social de los entornos. \u201cEs debido a este motivo que estamos esta ma\u00f1ana presentando nuestro top 5 de los proyectos de vinculaci\u00f3n, realizados durante dos periodos acad\u00e9micos que son 2021-II y 2022-I, en ambos periodos se desarrollaron m\u00e1s de 70 proyectos en los que participaron docentes, estudiantes y la comunidad\u201d concluy\u00f3 Lindao.<\/p>\n\n\n\n<figure class=\"wp-block-image size-large\"><img loading=\"lazy\" decoding=\"async\" width=\"1024\" height=\"683\" src=\"http:\/\/istvr.edu.ec\/web\/wp-content\/uploads\/2023\/03\/DSC_0239-1024x683.jpg\" alt=\"\" class=\"wp-image-2872\" srcset=\"https:\/\/istvr.edu.ec\/web\/wp-content\/uploads\/2023\/03\/DSC_0239-1024x683.jpg 1024w, https:\/\/istvr.edu.ec\/web\/wp-content\/uploads\/2023\/03\/DSC_0239-300x200.jpg 300w, https:\/\/istvr.edu.ec\/web\/wp-content\/uploads\/2023\/03\/DSC_0239-768x512.jpg 768w, https:\/\/istvr.edu.ec\/web\/wp-content\/uploads\/2023\/03\/DSC_0239-1536x1024.jpg 1536w, https:\/\/istvr.edu.ec\/web\/wp-content\/uploads\/2023\/03\/DSC_0239-2048x1365.jpg 2048w, https:\/\/istvr.edu.ec\/web\/wp-content\/uploads\/2023\/03\/DSC_0239-1000x667.jpg 1000w, https:\/\/istvr.edu.ec\/web\/wp-content\/uploads\/2023\/03\/DSC_0239-230x153.jpg 230w, https:\/\/istvr.edu.ec\/web\/wp-content\/uploads\/2023\/03\/DSC_0239-350x233.jpg 350w, https:\/\/istvr.edu.ec\/web\/wp-content\/uploads\/2023\/03\/DSC_0239-480x320.jpg 480w\" sizes=\"auto, (max-width: 1024px) 100vw, 1024px\" \/><\/figure>\n\n\n\n<p>Durante el conversatorio y ante la evidencia de resultados obtenidos en los proyectos tambi\u00e9n se dieron otras reacciones de j\u00fabilo tales como las de la Coordinadora Zonal de la Secretar\u00eda de Educaci\u00f3n Superior, Ciencia, Tecnolog\u00eda e Innovaci\u00f3n Senescyt, Magister Yanina Moreira, quien se\u00f1al\u00f3 en su intervenci\u00f3n, que promover la formaci\u00f3n de ciudadanos y profesionales competentes en su disciplina y responsables socialmente para responder a las m\u00faltiples exigencias y desaf\u00edos del mundo actual, permeado por las nuevas y complejas relaciones entre la ciencia, la tecnolog\u00eda, la sociedad y el desarrollo hacen de la educaci\u00f3n superior un proceso formativo transcendente \u00a8\u00b4La vinculaci\u00f3n surge como ese hilo conductor que trasciende en el tiempo y deja huellas imborrables, la cual, tiene como misi\u00f3n, formar personas comprometidas con a sociedad y generar proyectos en beneficio de la comunidad enfatizo Moreira. .<\/p>\n\n\n\n<figure class=\"wp-block-image size-large\"><img loading=\"lazy\" decoding=\"async\" width=\"1024\" height=\"683\" src=\"http:\/\/istvr.edu.ec\/web\/wp-content\/uploads\/2023\/03\/DSC_0176-1024x683.jpg\" alt=\"\" class=\"wp-image-2873\" srcset=\"https:\/\/istvr.edu.ec\/web\/wp-content\/uploads\/2023\/03\/DSC_0176-1024x683.jpg 1024w, https:\/\/istvr.edu.ec\/web\/wp-content\/uploads\/2023\/03\/DSC_0176-300x200.jpg 300w, https:\/\/istvr.edu.ec\/web\/wp-content\/uploads\/2023\/03\/DSC_0176-768x512.jpg 768w, https:\/\/istvr.edu.ec\/web\/wp-content\/uploads\/2023\/03\/DSC_0176-1536x1024.jpg 1536w, https:\/\/istvr.edu.ec\/web\/wp-content\/uploads\/2023\/03\/DSC_0176-2048x1365.jpg 2048w, https:\/\/istvr.edu.ec\/web\/wp-content\/uploads\/2023\/03\/DSC_0176-1000x667.jpg 1000w, https:\/\/istvr.edu.ec\/web\/wp-content\/uploads\/2023\/03\/DSC_0176-230x153.jpg 230w, https:\/\/istvr.edu.ec\/web\/wp-content\/uploads\/2023\/03\/DSC_0176-350x233.jpg 350w, https:\/\/istvr.edu.ec\/web\/wp-content\/uploads\/2023\/03\/DSC_0176-480x320.jpg 480w\" sizes=\"auto, (max-width: 1024px) 100vw, 1024px\" \/><\/figure>\n\n\n\n<p>La jornada tambi\u00e9n tuvo, adem\u00e1s, las reacciones positivas de las instituciones beneficiadas de estos proyectos que resaltaron en varias ocasiones el esp\u00edritu colaborador de los estudiantes y docentes que participaron en la vinculaci\u00f3n, reconoci\u00e9ndoles el don del servicio de cada uno de ellos, el crecimiento profesional y espiritual de cada uno de los integrantes. Las instituciones participantes en este conversatorio son: Fundaci\u00f3n Tacita Caliente, Fundaci\u00f3n Huancavilca, Fundaci\u00f3n Nikols, Escuela Mercedes de Jes\u00fas Molina y el GAD Cantonal de Salitre.<\/p>\n\n\n\n<figure class=\"wp-block-image size-large\"><img loading=\"lazy\" decoding=\"async\" width=\"1024\" height=\"683\" src=\"http:\/\/istvr.edu.ec\/web\/wp-content\/uploads\/2023\/03\/DSC_0205-1024x683.jpg\" alt=\"\" class=\"wp-image-2874\" srcset=\"https:\/\/istvr.edu.ec\/web\/wp-content\/uploads\/2023\/03\/DSC_0205-1024x683.jpg 1024w, https:\/\/istvr.edu.ec\/web\/wp-content\/uploads\/2023\/03\/DSC_0205-300x200.jpg 300w, https:\/\/istvr.edu.ec\/web\/wp-content\/uploads\/2023\/03\/DSC_0205-768x512.jpg 768w, https:\/\/istvr.edu.ec\/web\/wp-content\/uploads\/2023\/03\/DSC_0205-1536x1024.jpg 1536w, https:\/\/istvr.edu.ec\/web\/wp-content\/uploads\/2023\/03\/DSC_0205-2048x1365.jpg 2048w, https:\/\/istvr.edu.ec\/web\/wp-content\/uploads\/2023\/03\/DSC_0205-1000x667.jpg 1000w, https:\/\/istvr.edu.ec\/web\/wp-content\/uploads\/2023\/03\/DSC_0205-230x153.jpg 230w, https:\/\/istvr.edu.ec\/web\/wp-content\/uploads\/2023\/03\/DSC_0205-350x233.jpg 350w, https:\/\/istvr.edu.ec\/web\/wp-content\/uploads\/2023\/03\/DSC_0205-480x320.jpg 480w\" sizes=\"auto, (max-width: 1024px) 100vw, 1024px\" \/><\/figure>\n\n\n\n<p>Entre tanto M\u00e1ster Evelyn Silva, Coordinadora de la gestor\u00eda, expres\u00f3 su satisfacci\u00f3n de potenciar la vinculaci\u00f3n del ISTVR con la sociedad por medio de alianzas estrat\u00e9gicas y convenios con la perspectiva de estrechar lazos entre la comunidad del Instituto y su entorno, orient\u00e1ndolos al mejoramiento de la calidad de vida.<\/p>\n\n\n\n<p>El panel finaliz\u00f3 con dos charlas magistrales dictadas por dos excelentes expositores como son, M\u00e1ster Wendy Luna Ramos, directora t\u00e9cnica de Vinculaci\u00f3n de la Universidad Polit\u00e9cnica Salesiana Sede Guayaquil y el Ingeniero David Ponce Aguilar, Gerente de Ecosistemas de Innovaci\u00f3n e Inteligencia de Oportunidades en la Empresa P\u00fablica para la innovaci\u00f3n y competitividad (\u00c9PICO). En la clausura del evento el Master Freddy Tejada, vicerrector del ISTVR, resalt\u00f3 los logros obtenidos en estos cinco proyectos y destac\u00f3 la labor realizada de los estudiantes, los gestores y las instituciones que fueron parte del proyecto e hizo una invitaci\u00f3n a continuar en el camino para buscar la excelencia \u201d interactuar con la sociedad mediante la difusi\u00f3n de resultados obtenidos en actividades acad\u00e9micas tales como: programas y proyectos de vinculaci\u00f3n e investigaci\u00f3n\u201d, sostuvo Tejada.<\/p>\n\n\n\n<figure class=\"wp-block-image size-large\"><img loading=\"lazy\" decoding=\"async\" width=\"1024\" height=\"683\" src=\"http:\/\/istvr.edu.ec\/web\/wp-content\/uploads\/2023\/03\/DSC_0080-1024x683.jpg\" alt=\"\" class=\"wp-image-2875\" srcset=\"https:\/\/istvr.edu.ec\/web\/wp-content\/uploads\/2023\/03\/DSC_0080-1024x683.jpg 1024w, https:\/\/istvr.edu.ec\/web\/wp-content\/uploads\/2023\/03\/DSC_0080-300x200.jpg 300w, https:\/\/istvr.edu.ec\/web\/wp-content\/uploads\/2023\/03\/DSC_0080-768x512.jpg 768w, https:\/\/istvr.edu.ec\/web\/wp-content\/uploads\/2023\/03\/DSC_0080-1536x1024.jpg 1536w, https:\/\/istvr.edu.ec\/web\/wp-content\/uploads\/2023\/03\/DSC_0080-2048x1365.jpg 2048w, https:\/\/istvr.edu.ec\/web\/wp-content\/uploads\/2023\/03\/DSC_0080-1000x667.jpg 1000w, https:\/\/istvr.edu.ec\/web\/wp-content\/uploads\/2023\/03\/DSC_0080-230x153.jpg 230w, https:\/\/istvr.edu.ec\/web\/wp-content\/uploads\/2023\/03\/DSC_0080-350x233.jpg 350w, https:\/\/istvr.edu.ec\/web\/wp-content\/uploads\/2023\/03\/DSC_0080-480x320.jpg 480w\" sizes=\"auto, (max-width: 1024px) 100vw, 1024px\" \/><\/figure>\n\n\n\n<p><strong>Reconocimientos<\/strong><\/p>\n\n\n\n<p>En el marco de este evento acad\u00e9mico el Instituto Superior Tecnol\u00f3gico Vicente Rocafuerte, hizo entrega de reconocimiento a los Gestores de los cinco proyectos y un reconocimiento especial a la Gestora de la Carrera de Turismo Ma. Valeria Costa, por su constancia y logros durante cuatro a\u00f1os en la Gestor\u00eda de Vinculaci\u00f3n con la Sociedad.<\/p>\n\n\n\n<p>Los docentes galardonados por el \u00e9xito obtenido en sus proyectos son los Mag\u00edsteres, Miguel Estefano, Leonardo Garc\u00eda, Jos\u00e9 Pinela, Karol Cortez y Johnny Concha. Los estudiantes y las instituciones beneficiadas tambi\u00e9n recibieron reconocimientos acad\u00e9micos.<\/p>\n\n\n\n<figure class=\"wp-block-image size-large\"><img loading=\"lazy\" decoding=\"async\" width=\"1024\" height=\"683\" src=\"http:\/\/istvr.edu.ec\/web\/wp-content\/uploads\/2023\/03\/DSC_0090-1024x683.jpg\" alt=\"\" class=\"wp-image-2877\" srcset=\"https:\/\/istvr.edu.ec\/web\/wp-content\/uploads\/2023\/03\/DSC_0090-1024x683.jpg 1024w, https:\/\/istvr.edu.ec\/web\/wp-content\/uploads\/2023\/03\/DSC_0090-300x200.jpg 300w, https:\/\/istvr.edu.ec\/web\/wp-content\/uploads\/2023\/03\/DSC_0090-768x512.jpg 768w, https:\/\/istvr.edu.ec\/web\/wp-content\/uploads\/2023\/03\/DSC_0090-1536x1024.jpg 1536w, https:\/\/istvr.edu.ec\/web\/wp-content\/uploads\/2023\/03\/DSC_0090-2048x1365.jpg 2048w, https:\/\/istvr.edu.ec\/web\/wp-content\/uploads\/2023\/03\/DSC_0090-1000x667.jpg 1000w, https:\/\/istvr.edu.ec\/web\/wp-content\/uploads\/2023\/03\/DSC_0090-230x153.jpg 230w, https:\/\/istvr.edu.ec\/web\/wp-content\/uploads\/2023\/03\/DSC_0090-350x233.jpg 350w, https:\/\/istvr.edu.ec\/web\/wp-content\/uploads\/2023\/03\/DSC_0090-480x320.jpg 480w\" sizes=\"auto, (max-width: 1024px) 100vw, 1024px\" \/><\/figure>\n","protected":false},"excerpt":{"rendered":"<p>ISTVR presenta resultados de los proyectos de vinculaci\u00f3n con la sociedad ejecutados en la zona 8 Mediante un conversatorio conformado por las [&hellip;]<\/p>\n","protected":false},"author":1,"featured_media":2869,"comment_status":"open","ping_status":"open","sticky":false,"template":"","format":"standard","meta":{"pgc_sgb_lightbox_settings":"","footnotes":""},"categories":[3],"tags":[],"class_list":["post-2846","post","type-post","status-publish","format-standard","has-post-thumbnail","hentry","category-work"],"_links":{"self":[{"href":"https:\/\/istvr.edu.ec\/web\/wp-json\/wp\/v2\/posts\/2846","targetHints":{"allow":["GET"]}}],"collection":[{"href":"https:\/\/istvr.edu.ec\/web\/wp-json\/wp\/v2\/posts"}],"about":[{"href":"https:\/\/istvr.edu.ec\/web\/wp-json\/wp\/v2\/types\/post"}],"author":[{"embeddable":true,"href":"https:\/\/istvr.edu.ec\/web\/wp-json\/wp\/v2\/users\/1"}],"replies":[{"embeddable":true,"href":"https:\/\/istvr.edu.ec\/web\/wp-json\/wp\/v2\/comments?post=2846"}],"version-history":[{"count":4,"href":"https:\/\/istvr.edu.ec\/web\/wp-json\/wp\/v2\/posts\/2846\/revisions"}],"predecessor-version":[{"id":2878,"href":"https:\/\/istvr.edu.ec\/web\/wp-json\/wp\/v2\/posts\/2846\/revisions\/2878"}],"wp:featuredmedia":[{"embeddable":true,"href":"https:\/\/istvr.edu.ec\/web\/wp-json\/wp\/v2\/media\/2869"}],"wp:attachment":[{"href":"https:\/\/istvr.edu.ec\/web\/wp-json\/wp\/v2\/media?parent=2846"}],"wp:term":[{"taxonomy":"category","embeddable":true,"href":"https:\/\/istvr.edu.ec\/web\/wp-json\/wp\/v2\/categories?post=2846"},{"taxonomy":"post_tag","embeddable":true,"href":"https:\/\/istvr.edu.ec\/web\/wp-json\/wp\/v2\/tags?post=2846"}],"curies":[{"name":"wp","href":"https:\/\/api.w.org\/{rel}","templated":true}]}}