{"id":2788,"date":"2023-01-05T11:51:28","date_gmt":"2023-01-05T16:51:28","guid":{"rendered":"http:\/\/istvr.edu.ec\/web\/?p=2788"},"modified":"2023-01-05T11:51:28","modified_gmt":"2023-01-05T16:51:28","slug":"feria-y-desfile-de-moda-en-nobol","status":"publish","type":"post","link":"https:\/\/istvr.edu.ec\/web\/2023\/01\/05\/feria-y-desfile-de-moda-en-nobol\/","title":{"rendered":"Feria y desfile de moda en Nobol"},"content":{"rendered":"\n<p>Con feria y desfile de moda las estudiantes del ISTVR cerraron su proyecto de vinculaci\u00f3n con la sociedad en el cant\u00f3n Nobol.<\/p>\n\n\n\n<p>El Instituto Superior Tecnol\u00f3gico Vicente Rocafuerte en alianza con la Fundaci\u00f3n NIkols y el Gobierno Aut\u00f3nomo Descentralizado Municipal del Cant\u00f3n Nobol, realizaron una feria y un desfile de modas para dar por concluido el taller de dise\u00f1o y confecci\u00f3n dictado por las estudiantes de la carrera de Dise\u00f1o de Modas a las mujeres de este cant\u00f3n.<\/p>\n\n\n\n<figure class=\"wp-block-image size-full\"><img loading=\"lazy\" decoding=\"async\" width=\"720\" height=\"480\" src=\"http:\/\/istvr.edu.ec\/web\/wp-content\/uploads\/2023\/01\/1.jpeg\" alt=\"\" class=\"wp-image-2789\" srcset=\"https:\/\/istvr.edu.ec\/web\/wp-content\/uploads\/2023\/01\/1.jpeg 720w, https:\/\/istvr.edu.ec\/web\/wp-content\/uploads\/2023\/01\/1-300x200.jpeg 300w, https:\/\/istvr.edu.ec\/web\/wp-content\/uploads\/2023\/01\/1-230x153.jpeg 230w, https:\/\/istvr.edu.ec\/web\/wp-content\/uploads\/2023\/01\/1-350x233.jpeg 350w, https:\/\/istvr.edu.ec\/web\/wp-content\/uploads\/2023\/01\/1-480x320.jpeg 480w\" sizes=\"auto, (max-width: 720px) 100vw, 720px\" \/><\/figure>\n\n\n\n<p>Durante la feria las mujeres que fueron capacitadas en este proyecto, pudieron mostrar al p\u00fablico sus art\u00edculos, prendas dise\u00f1adas y confeccionadas por ellas, demostrado de esa forma, que lo aprendido lo est\u00e1n poniendo en pr\u00e1ctica.<\/p>\n\n\n\n<p>Franchesca Molina, quien lidera el grupo de estudiantes que realiz\u00f3 este taller, manifiesta que el trabajo desarrollado con las mujeres en este cant\u00f3n fue muy satisfactorio, porque han podido contribuir a la sociedad con sus conocimientos, adem\u00e1s invit\u00f3 a los dem\u00e1s estudiantes a sumarse a los proyectos de vinculaci\u00f3n con la sociedad porque es de mucha ayuda y se pueden hacer grandes cosas en beneficio de la poblaci\u00f3n.<\/p>\n\n\n\n<figure class=\"wp-block-image size-full\"><img loading=\"lazy\" decoding=\"async\" width=\"720\" height=\"480\" src=\"http:\/\/istvr.edu.ec\/web\/wp-content\/uploads\/2023\/01\/2.jpeg\" alt=\"\" class=\"wp-image-2790\" srcset=\"https:\/\/istvr.edu.ec\/web\/wp-content\/uploads\/2023\/01\/2.jpeg 720w, https:\/\/istvr.edu.ec\/web\/wp-content\/uploads\/2023\/01\/2-300x200.jpeg 300w, https:\/\/istvr.edu.ec\/web\/wp-content\/uploads\/2023\/01\/2-230x153.jpeg 230w, https:\/\/istvr.edu.ec\/web\/wp-content\/uploads\/2023\/01\/2-350x233.jpeg 350w, https:\/\/istvr.edu.ec\/web\/wp-content\/uploads\/2023\/01\/2-480x320.jpeg 480w\" sizes=\"auto, (max-width: 720px) 100vw, 720px\" \/><\/figure>\n\n\n\n<p>Por su parte, Marvin Salas, Alcalde de Nobol, expres\u00f3 su gratitud al Instituto Superior Tecnol\u00f3gico Vicente Rocafuerte y la Fundaci\u00f3n Nikols, por esta gran iniciativa de ensa\u00f1ar a dise\u00f1ar y a confeccionar prendas de vestir, resalt\u00f3 el esfuerzo de las mujeres por querer aprender para emprender \u201cagradecer una vez m\u00e1s al Instituto Vicente Rocafuerte y a la Fundaci\u00f3n Nikols porque sin ellos no fuera posible, un fuerte aplauso a las estudiantes que vinieron a ense\u00f1arnos ac\u00e1 a nuestras mujeres luchadoras y aguerrida, gracias de verdad \u201d\u2019 concluy\u00f3 Salas.<\/p>\n\n\n\n<figure class=\"wp-block-image size-full\"><img loading=\"lazy\" decoding=\"async\" width=\"720\" height=\"480\" src=\"http:\/\/istvr.edu.ec\/web\/wp-content\/uploads\/2023\/01\/3.jpeg\" alt=\"\" class=\"wp-image-2791\" srcset=\"https:\/\/istvr.edu.ec\/web\/wp-content\/uploads\/2023\/01\/3.jpeg 720w, https:\/\/istvr.edu.ec\/web\/wp-content\/uploads\/2023\/01\/3-300x200.jpeg 300w, https:\/\/istvr.edu.ec\/web\/wp-content\/uploads\/2023\/01\/3-230x153.jpeg 230w, https:\/\/istvr.edu.ec\/web\/wp-content\/uploads\/2023\/01\/3-350x233.jpeg 350w, https:\/\/istvr.edu.ec\/web\/wp-content\/uploads\/2023\/01\/3-480x320.jpeg 480w\" sizes=\"auto, (max-width: 720px) 100vw, 720px\" \/><\/figure>\n\n\n\n<p>En su discurso de apertura Evelyn Silva, Coordinadora de Vinculaci\u00f3n con la Sociedad del ISTVR, manifest\u00f3 la importancia de vincular desde la academia los proyectos y programas al servicio de la comunidad, mismos que tambi\u00e9n aportan para fortalecer la econom\u00eda y las habilidades blandas. Actualmente el Instituto, tiene proyectos de vinculaci\u00f3n en Flor de Basti\u00f3n, Lomas de Sargentillo y en Nobol, con las estudiantes y docentes de la carrera de Dise\u00f1o de Modas\u201d \u2019desde la academia nuestro objetivo es poner a disposici\u00f3n de la comunidad nuestro conocimiento y que lindo es ver como esa semilla va creciendo\u201d\u2019 finaliz\u00f3 Silva.<\/p>\n\n\n\n<figure class=\"wp-block-image size-full\"><img loading=\"lazy\" decoding=\"async\" width=\"720\" height=\"480\" src=\"http:\/\/istvr.edu.ec\/web\/wp-content\/uploads\/2023\/01\/4.jpeg\" alt=\"\" class=\"wp-image-2792\" srcset=\"https:\/\/istvr.edu.ec\/web\/wp-content\/uploads\/2023\/01\/4.jpeg 720w, https:\/\/istvr.edu.ec\/web\/wp-content\/uploads\/2023\/01\/4-300x200.jpeg 300w, https:\/\/istvr.edu.ec\/web\/wp-content\/uploads\/2023\/01\/4-230x153.jpeg 230w, https:\/\/istvr.edu.ec\/web\/wp-content\/uploads\/2023\/01\/4-350x233.jpeg 350w, https:\/\/istvr.edu.ec\/web\/wp-content\/uploads\/2023\/01\/4-480x320.jpeg 480w\" sizes=\"auto, (max-width: 720px) 100vw, 720px\" \/><\/figure>\n\n\n\n<p>Los eventos tuvieron lugar en dos sedes diferentes, la feria se realiz\u00f3 en el coliseo del cant\u00f3n, mientras que el desfile de moda en una pasarela en los exteriores de la casa Municipal, al que asistieron autoridades, docentes, estudiantes representantes de la Fundaci\u00f3n Nikols y p\u00fablico en general.<\/p>\n\n\n\n<figure class=\"wp-block-image size-full\"><img loading=\"lazy\" decoding=\"async\" width=\"720\" height=\"480\" src=\"http:\/\/istvr.edu.ec\/web\/wp-content\/uploads\/2023\/01\/6.jpeg\" alt=\"\" class=\"wp-image-2793\" srcset=\"https:\/\/istvr.edu.ec\/web\/wp-content\/uploads\/2023\/01\/6.jpeg 720w, https:\/\/istvr.edu.ec\/web\/wp-content\/uploads\/2023\/01\/6-300x200.jpeg 300w, https:\/\/istvr.edu.ec\/web\/wp-content\/uploads\/2023\/01\/6-230x153.jpeg 230w, https:\/\/istvr.edu.ec\/web\/wp-content\/uploads\/2023\/01\/6-350x233.jpeg 350w, https:\/\/istvr.edu.ec\/web\/wp-content\/uploads\/2023\/01\/6-480x320.jpeg 480w\" sizes=\"auto, (max-width: 720px) 100vw, 720px\" \/><\/figure>\n\n\n\n<figure class=\"wp-block-image size-full\"><img loading=\"lazy\" decoding=\"async\" width=\"720\" height=\"480\" src=\"http:\/\/istvr.edu.ec\/web\/wp-content\/uploads\/2023\/01\/11.jpeg\" alt=\"\" class=\"wp-image-2794\" srcset=\"https:\/\/istvr.edu.ec\/web\/wp-content\/uploads\/2023\/01\/11.jpeg 720w, https:\/\/istvr.edu.ec\/web\/wp-content\/uploads\/2023\/01\/11-300x200.jpeg 300w, https:\/\/istvr.edu.ec\/web\/wp-content\/uploads\/2023\/01\/11-230x153.jpeg 230w, https:\/\/istvr.edu.ec\/web\/wp-content\/uploads\/2023\/01\/11-350x233.jpeg 350w, https:\/\/istvr.edu.ec\/web\/wp-content\/uploads\/2023\/01\/11-480x320.jpeg 480w\" sizes=\"auto, (max-width: 720px) 100vw, 720px\" \/><\/figure>\n\n\n\n<figure class=\"wp-block-image size-large\"><img loading=\"lazy\" decoding=\"async\" width=\"1024\" height=\"768\" src=\"http:\/\/istvr.edu.ec\/web\/wp-content\/uploads\/2023\/01\/13-1024x768.jpeg\" alt=\"\" class=\"wp-image-2795\" srcset=\"https:\/\/istvr.edu.ec\/web\/wp-content\/uploads\/2023\/01\/13-1024x768.jpeg 1024w, https:\/\/istvr.edu.ec\/web\/wp-content\/uploads\/2023\/01\/13-300x225.jpeg 300w, https:\/\/istvr.edu.ec\/web\/wp-content\/uploads\/2023\/01\/13-768x576.jpeg 768w, https:\/\/istvr.edu.ec\/web\/wp-content\/uploads\/2023\/01\/13-1536x1152.jpeg 1536w, https:\/\/istvr.edu.ec\/web\/wp-content\/uploads\/2023\/01\/13-1000x750.jpeg 1000w, https:\/\/istvr.edu.ec\/web\/wp-content\/uploads\/2023\/01\/13-230x173.jpeg 230w, https:\/\/istvr.edu.ec\/web\/wp-content\/uploads\/2023\/01\/13-350x263.jpeg 350w, https:\/\/istvr.edu.ec\/web\/wp-content\/uploads\/2023\/01\/13-480x360.jpeg 480w, https:\/\/istvr.edu.ec\/web\/wp-content\/uploads\/2023\/01\/13.jpeg 1600w\" sizes=\"auto, (max-width: 1024px) 100vw, 1024px\" \/><\/figure>\n","protected":false},"excerpt":{"rendered":"<p>Con feria y desfile de moda las estudiantes del ISTVR cerraron su proyecto de vinculaci\u00f3n con la sociedad en el cant\u00f3n Nobol. [&hellip;]<\/p>\n","protected":false},"author":1,"featured_media":2796,"comment_status":"open","ping_status":"open","sticky":false,"template":"","format":"standard","meta":{"pgc_sgb_lightbox_settings":"","footnotes":""},"categories":[3],"tags":[],"class_list":["post-2788","post","type-post","status-publish","format-standard","has-post-thumbnail","hentry","category-work"],"_links":{"self":[{"href":"https:\/\/istvr.edu.ec\/web\/wp-json\/wp\/v2\/posts\/2788","targetHints":{"allow":["GET"]}}],"collection":[{"href":"https:\/\/istvr.edu.ec\/web\/wp-json\/wp\/v2\/posts"}],"about":[{"href":"https:\/\/istvr.edu.ec\/web\/wp-json\/wp\/v2\/types\/post"}],"author":[{"embeddable":true,"href":"https:\/\/istvr.edu.ec\/web\/wp-json\/wp\/v2\/users\/1"}],"replies":[{"embeddable":true,"href":"https:\/\/istvr.edu.ec\/web\/wp-json\/wp\/v2\/comments?post=2788"}],"version-history":[{"count":1,"href":"https:\/\/istvr.edu.ec\/web\/wp-json\/wp\/v2\/posts\/2788\/revisions"}],"predecessor-version":[{"id":2797,"href":"https:\/\/istvr.edu.ec\/web\/wp-json\/wp\/v2\/posts\/2788\/revisions\/2797"}],"wp:featuredmedia":[{"embeddable":true,"href":"https:\/\/istvr.edu.ec\/web\/wp-json\/wp\/v2\/media\/2796"}],"wp:attachment":[{"href":"https:\/\/istvr.edu.ec\/web\/wp-json\/wp\/v2\/media?parent=2788"}],"wp:term":[{"taxonomy":"category","embeddable":true,"href":"https:\/\/istvr.edu.ec\/web\/wp-json\/wp\/v2\/categories?post=2788"},{"taxonomy":"post_tag","embeddable":true,"href":"https:\/\/istvr.edu.ec\/web\/wp-json\/wp\/v2\/tags?post=2788"}],"curies":[{"name":"wp","href":"https:\/\/api.w.org\/{rel}","templated":true}]}}