{"id":2778,"date":"2023-01-05T11:15:48","date_gmt":"2023-01-05T16:15:48","guid":{"rendered":"http:\/\/istvr.edu.ec\/web\/?p=2778"},"modified":"2023-01-05T11:15:48","modified_gmt":"2023-01-05T16:15:48","slug":"400-nuevos-tecnologos-del-istvr","status":"publish","type":"post","link":"https:\/\/istvr.edu.ec\/web\/2023\/01\/05\/400-nuevos-tecnologos-del-istvr\/","title":{"rendered":"400 nuevos Tecn\u00f3logos del ISTVR"},"content":{"rendered":"\n<p>M\u00e1s de cuatrocientos nuevos Tecn\u00f3logos del ISTVR se incorporar\u00e1n al mundo profesional.<\/p>\n\n\n\n<p>Llenos de alegr\u00eda y sue\u00f1os cumplidos, 478 estudiantes del Instituto Superior Tecnol\u00f3gico Vicente Rocafuerte, obtuvieron el t\u00edtulo de Tercer Nivel, en la segunda ceremonia de graduaci\u00f3n conjunta que realiza esta entidad de Educaci\u00f3n Superior.<\/p>\n\n\n\n<p>Los nuevos profesionales que durante cinco semestres cumplieron el proceso de formaci\u00f3n acad\u00e9mica integral, corresponden a las carreras de Tecnolog\u00eda en Banca y Finanzas, Comercio Exterior, Hoteler\u00eda y Turismo, Inform\u00e1tica con menci\u00f3n en mantenimiento e instalaci\u00f3n de Redes, Inform\u00e1tica con menci\u00f3n en mantenimiento y Ensamblaje de equipos de c\u00f3mputo y Tecnolog\u00eda en Desarrollo Infantil Integral, Tecn\u00f3logos Superior en Dise\u00f1o de Modas, Tecn\u00f3logos Superior en Turismo.<\/p>\n\n\n\n<figure class=\"wp-block-image size-large\"><img loading=\"lazy\" decoding=\"async\" width=\"1024\" height=\"683\" src=\"http:\/\/istvr.edu.ec\/web\/wp-content\/uploads\/2023\/01\/DSC_0372-1024x683.jpg\" alt=\"\" class=\"wp-image-2780\" srcset=\"https:\/\/istvr.edu.ec\/web\/wp-content\/uploads\/2023\/01\/DSC_0372-1024x683.jpg 1024w, https:\/\/istvr.edu.ec\/web\/wp-content\/uploads\/2023\/01\/DSC_0372-300x200.jpg 300w, https:\/\/istvr.edu.ec\/web\/wp-content\/uploads\/2023\/01\/DSC_0372-768x512.jpg 768w, https:\/\/istvr.edu.ec\/web\/wp-content\/uploads\/2023\/01\/DSC_0372-1536x1024.jpg 1536w, https:\/\/istvr.edu.ec\/web\/wp-content\/uploads\/2023\/01\/DSC_0372-2048x1365.jpg 2048w, https:\/\/istvr.edu.ec\/web\/wp-content\/uploads\/2023\/01\/DSC_0372-1000x667.jpg 1000w, https:\/\/istvr.edu.ec\/web\/wp-content\/uploads\/2023\/01\/DSC_0372-230x153.jpg 230w, https:\/\/istvr.edu.ec\/web\/wp-content\/uploads\/2023\/01\/DSC_0372-350x233.jpg 350w, https:\/\/istvr.edu.ec\/web\/wp-content\/uploads\/2023\/01\/DSC_0372-480x320.jpg 480w\" sizes=\"auto, (max-width: 1024px) 100vw, 1024px\" \/><\/figure>\n\n\n\n<p>En el transcurso de los periodos acad\u00e9micos los ex estudiantes se prepararon para generar acciones en los servicios esenciales que aportaran la transformaci\u00f3n y al desarrollo del pa\u00eds, los nuevos profesionales, durante sus estudios se formaron con esp\u00edritu emprendedor, investigativo, human\u00edstico y sobre todo, comprometidos con el desarrollo y progreso de la sociedad.<\/p>\n\n\n\n<figure class=\"wp-block-image size-large\"><img loading=\"lazy\" decoding=\"async\" width=\"1024\" height=\"683\" src=\"http:\/\/istvr.edu.ec\/web\/wp-content\/uploads\/2023\/01\/DSC_0167-1024x683.jpg\" alt=\"\" class=\"wp-image-2781\" srcset=\"https:\/\/istvr.edu.ec\/web\/wp-content\/uploads\/2023\/01\/DSC_0167-1024x683.jpg 1024w, https:\/\/istvr.edu.ec\/web\/wp-content\/uploads\/2023\/01\/DSC_0167-300x200.jpg 300w, https:\/\/istvr.edu.ec\/web\/wp-content\/uploads\/2023\/01\/DSC_0167-768x512.jpg 768w, https:\/\/istvr.edu.ec\/web\/wp-content\/uploads\/2023\/01\/DSC_0167-1536x1024.jpg 1536w, https:\/\/istvr.edu.ec\/web\/wp-content\/uploads\/2023\/01\/DSC_0167-2048x1365.jpg 2048w, https:\/\/istvr.edu.ec\/web\/wp-content\/uploads\/2023\/01\/DSC_0167-1000x667.jpg 1000w, https:\/\/istvr.edu.ec\/web\/wp-content\/uploads\/2023\/01\/DSC_0167-230x153.jpg 230w, https:\/\/istvr.edu.ec\/web\/wp-content\/uploads\/2023\/01\/DSC_0167-350x233.jpg 350w, https:\/\/istvr.edu.ec\/web\/wp-content\/uploads\/2023\/01\/DSC_0167-480x320.jpg 480w\" sizes=\"auto, (max-width: 1024px) 100vw, 1024px\" \/><\/figure>\n\n\n\n<figure class=\"wp-block-image size-large\"><img loading=\"lazy\" decoding=\"async\" width=\"1024\" height=\"683\" src=\"http:\/\/istvr.edu.ec\/web\/wp-content\/uploads\/2023\/01\/DSC_0143-1024x683.jpg\" alt=\"\" class=\"wp-image-2782\" srcset=\"https:\/\/istvr.edu.ec\/web\/wp-content\/uploads\/2023\/01\/DSC_0143-1024x683.jpg 1024w, https:\/\/istvr.edu.ec\/web\/wp-content\/uploads\/2023\/01\/DSC_0143-300x200.jpg 300w, https:\/\/istvr.edu.ec\/web\/wp-content\/uploads\/2023\/01\/DSC_0143-768x512.jpg 768w, https:\/\/istvr.edu.ec\/web\/wp-content\/uploads\/2023\/01\/DSC_0143-1536x1024.jpg 1536w, https:\/\/istvr.edu.ec\/web\/wp-content\/uploads\/2023\/01\/DSC_0143-2048x1365.jpg 2048w, https:\/\/istvr.edu.ec\/web\/wp-content\/uploads\/2023\/01\/DSC_0143-1000x667.jpg 1000w, https:\/\/istvr.edu.ec\/web\/wp-content\/uploads\/2023\/01\/DSC_0143-230x153.jpg 230w, https:\/\/istvr.edu.ec\/web\/wp-content\/uploads\/2023\/01\/DSC_0143-350x233.jpg 350w, https:\/\/istvr.edu.ec\/web\/wp-content\/uploads\/2023\/01\/DSC_0143-480x320.jpg 480w\" sizes=\"auto, (max-width: 1024px) 100vw, 1024px\" \/><\/figure>\n\n\n\n<p>En el ofrecimiento del acto, el master Freddy Tejada, vicerrector del ISTVR, exalt\u00f3 las competencias, capacidades, habilidades y actitudes necesarias para iniciar exitosamente una vida profesional.<br>Por su parte Gilda Boada, mejor egresada de la promoci\u00f3n en su discurso en representaci\u00f3n de sus compa\u00f1eros record\u00f3 los saltos de alegr\u00eda al pasar una materia, las reuniones entre amigos, los consejos de los profesores antes de iniciar un parcial, las oportunidades para el que no le alcanzaron los puntos para aprobar y cada uno de los momentos vividos. \u201dEn esta tarde es un honor para m\u00ed poder dirigirme a ustedes en representaci\u00f3n de mis compa\u00f1eros, si bien es cierto me invade la nostalgia y los recuerdos, iniciamos como ni\u00f1os aprendiendo a adaptarnos a un nuevo ambiente, a hacer nuevas amistades, a enfrentarnos como adultos a las obligaciones universitarias, si bien del todo, no es f\u00e1cil al principio, sin embargo, es el proceso m\u00e1s lindo que podemos pasar como seres humanos, es la madurez impartida a lo largo del tiempo universitario, mismo que nos ayudar\u00e1 a ser admirables personas y excelentes profesionales\u201d resalt\u00f3 Boada.<\/p>\n\n\n\n<figure class=\"wp-block-image size-large\"><img loading=\"lazy\" decoding=\"async\" width=\"1024\" height=\"683\" src=\"http:\/\/istvr.edu.ec\/web\/wp-content\/uploads\/2023\/01\/DSC_0378-1024x683.jpg\" alt=\"\" class=\"wp-image-2783\" srcset=\"https:\/\/istvr.edu.ec\/web\/wp-content\/uploads\/2023\/01\/DSC_0378-1024x683.jpg 1024w, https:\/\/istvr.edu.ec\/web\/wp-content\/uploads\/2023\/01\/DSC_0378-300x200.jpg 300w, https:\/\/istvr.edu.ec\/web\/wp-content\/uploads\/2023\/01\/DSC_0378-768x512.jpg 768w, https:\/\/istvr.edu.ec\/web\/wp-content\/uploads\/2023\/01\/DSC_0378-1536x1024.jpg 1536w, https:\/\/istvr.edu.ec\/web\/wp-content\/uploads\/2023\/01\/DSC_0378-2048x1365.jpg 2048w, https:\/\/istvr.edu.ec\/web\/wp-content\/uploads\/2023\/01\/DSC_0378-1000x667.jpg 1000w, https:\/\/istvr.edu.ec\/web\/wp-content\/uploads\/2023\/01\/DSC_0378-230x153.jpg 230w, https:\/\/istvr.edu.ec\/web\/wp-content\/uploads\/2023\/01\/DSC_0378-350x233.jpg 350w, https:\/\/istvr.edu.ec\/web\/wp-content\/uploads\/2023\/01\/DSC_0378-480x320.jpg 480w\" sizes=\"auto, (max-width: 1024px) 100vw, 1024px\" \/><\/figure>\n\n\n\n<figure class=\"wp-block-image size-large\"><img loading=\"lazy\" decoding=\"async\" width=\"1024\" height=\"683\" src=\"http:\/\/istvr.edu.ec\/web\/wp-content\/uploads\/2023\/01\/DSC_0258-1024x683.jpg\" alt=\"\" class=\"wp-image-2779\" srcset=\"https:\/\/istvr.edu.ec\/web\/wp-content\/uploads\/2023\/01\/DSC_0258-1024x683.jpg 1024w, https:\/\/istvr.edu.ec\/web\/wp-content\/uploads\/2023\/01\/DSC_0258-300x200.jpg 300w, https:\/\/istvr.edu.ec\/web\/wp-content\/uploads\/2023\/01\/DSC_0258-768x512.jpg 768w, https:\/\/istvr.edu.ec\/web\/wp-content\/uploads\/2023\/01\/DSC_0258-1536x1024.jpg 1536w, https:\/\/istvr.edu.ec\/web\/wp-content\/uploads\/2023\/01\/DSC_0258-2048x1365.jpg 2048w, https:\/\/istvr.edu.ec\/web\/wp-content\/uploads\/2023\/01\/DSC_0258-1000x667.jpg 1000w, https:\/\/istvr.edu.ec\/web\/wp-content\/uploads\/2023\/01\/DSC_0258-230x153.jpg 230w, https:\/\/istvr.edu.ec\/web\/wp-content\/uploads\/2023\/01\/DSC_0258-350x233.jpg 350w, https:\/\/istvr.edu.ec\/web\/wp-content\/uploads\/2023\/01\/DSC_0258-480x320.jpg 480w\" sizes=\"auto, (max-width: 1024px) 100vw, 1024px\" \/><\/figure>\n\n\n\n<p>El rector Roberto Lindado, en la clausura del evento, resalt\u00f3 el gran esfuerzo que realizaron los estudiantes en tiempo de pandemia para conseguir sus metas, menci\u00f3n que son sobrevivientes de esta pandemia pidi\u00f3 que se aplaudan a ustedes mismo por haber vencido los obst\u00e1culos y conseguir sus prop\u00f3sitos, Lindado expreso que los nuevos profesionales como tecn\u00f3logos ya llevan la practica para insertarse en el campo laboral.<\/p>\n\n\n\n<p><strong>RECONOCIMIENTO<\/strong><br>En la ceremonia, se hizo el reconocimiento, a los mejores puntuados y una medalla de honor a la se\u00f1orita Gilda Boada, por el mejor puntaje como mejor egresada en Tecnolog\u00eda Superior en Contabilidad. La presea al m\u00e9rito acad\u00e9mico fue entregada por el vicerrector Freddy Tejada.<\/p>\n\n\n\n<figure class=\"wp-block-image size-large\"><img loading=\"lazy\" decoding=\"async\" width=\"1024\" height=\"683\" src=\"http:\/\/istvr.edu.ec\/web\/wp-content\/uploads\/2023\/01\/DSC_0211-1-1024x683.jpg\" alt=\"\" class=\"wp-image-2785\" srcset=\"https:\/\/istvr.edu.ec\/web\/wp-content\/uploads\/2023\/01\/DSC_0211-1-1024x683.jpg 1024w, https:\/\/istvr.edu.ec\/web\/wp-content\/uploads\/2023\/01\/DSC_0211-1-300x200.jpg 300w, https:\/\/istvr.edu.ec\/web\/wp-content\/uploads\/2023\/01\/DSC_0211-1-768x512.jpg 768w, https:\/\/istvr.edu.ec\/web\/wp-content\/uploads\/2023\/01\/DSC_0211-1-1536x1024.jpg 1536w, https:\/\/istvr.edu.ec\/web\/wp-content\/uploads\/2023\/01\/DSC_0211-1-2048x1365.jpg 2048w, https:\/\/istvr.edu.ec\/web\/wp-content\/uploads\/2023\/01\/DSC_0211-1-1000x667.jpg 1000w, https:\/\/istvr.edu.ec\/web\/wp-content\/uploads\/2023\/01\/DSC_0211-1-230x153.jpg 230w, https:\/\/istvr.edu.ec\/web\/wp-content\/uploads\/2023\/01\/DSC_0211-1-350x233.jpg 350w, https:\/\/istvr.edu.ec\/web\/wp-content\/uploads\/2023\/01\/DSC_0211-1-480x320.jpg 480w\" sizes=\"auto, (max-width: 1024px) 100vw, 1024px\" \/><\/figure>\n\n\n\n<p>De la misma forma recibieron certificados de excelencia por sus promedios acad\u00e9micos, los siguientes estudiantes:<br>Ram\u00edrez Puente Josu\u00e9 Diego, Moran M\u00e9relo Ana Karen, Ben\u00edtez Penafiel Allison, Siguencia Oyola Betsy, Merch\u00e1n Gavilanes Emma, Lema Mu\u00f1oz Fanny, Espinoza Fajardo Valeria, P\u00e9rez Le\u00f3n Isneider, Manzano Ramos Jorge, Lara Raskowki Guillermo, Ladines Z\u00fa\u00f1iga Lady, Valdez Espinoza Jennifer y Guerrero Beltr\u00e1n Elizabeth<\/p>\n\n\n\n<p>Por otra parte, en el evento, tambi\u00e9n recibieron importantes reconocimientos, las autoridades del ISTVR, entre ellos el rector, Roberto Linda y el vicerrector Freddy Tejada, quienes, obtuvieron una placa, por su destacada labor y gesti\u00f3n a beneficio de la instituci\u00f3n de educaci\u00f3n superior.<br>Al acto solemne asistieron autoridades, padres de familia, directivos, docente e invitados especiales.<\/p>\n","protected":false},"excerpt":{"rendered":"<p>M\u00e1s de cuatrocientos nuevos Tecn\u00f3logos del ISTVR se incorporar\u00e1n al mundo profesional. Llenos de alegr\u00eda y sue\u00f1os cumplidos, 478 estudiantes del Instituto [&hellip;]<\/p>\n","protected":false},"author":1,"featured_media":2786,"comment_status":"open","ping_status":"open","sticky":false,"template":"","format":"standard","meta":{"pgc_sgb_lightbox_settings":"","footnotes":""},"categories":[3],"tags":[],"class_list":["post-2778","post","type-post","status-publish","format-standard","has-post-thumbnail","hentry","category-work"],"_links":{"self":[{"href":"https:\/\/istvr.edu.ec\/web\/wp-json\/wp\/v2\/posts\/2778","targetHints":{"allow":["GET"]}}],"collection":[{"href":"https:\/\/istvr.edu.ec\/web\/wp-json\/wp\/v2\/posts"}],"about":[{"href":"https:\/\/istvr.edu.ec\/web\/wp-json\/wp\/v2\/types\/post"}],"author":[{"embeddable":true,"href":"https:\/\/istvr.edu.ec\/web\/wp-json\/wp\/v2\/users\/1"}],"replies":[{"embeddable":true,"href":"https:\/\/istvr.edu.ec\/web\/wp-json\/wp\/v2\/comments?post=2778"}],"version-history":[{"count":1,"href":"https:\/\/istvr.edu.ec\/web\/wp-json\/wp\/v2\/posts\/2778\/revisions"}],"predecessor-version":[{"id":2787,"href":"https:\/\/istvr.edu.ec\/web\/wp-json\/wp\/v2\/posts\/2778\/revisions\/2787"}],"wp:featuredmedia":[{"embeddable":true,"href":"https:\/\/istvr.edu.ec\/web\/wp-json\/wp\/v2\/media\/2786"}],"wp:attachment":[{"href":"https:\/\/istvr.edu.ec\/web\/wp-json\/wp\/v2\/media?parent=2778"}],"wp:term":[{"taxonomy":"category","embeddable":true,"href":"https:\/\/istvr.edu.ec\/web\/wp-json\/wp\/v2\/categories?post=2778"},{"taxonomy":"post_tag","embeddable":true,"href":"https:\/\/istvr.edu.ec\/web\/wp-json\/wp\/v2\/tags?post=2778"}],"curies":[{"name":"wp","href":"https:\/\/api.w.org\/{rel}","templated":true}]}}