{"id":2765,"date":"2022-12-01T11:00:27","date_gmt":"2022-12-01T16:00:27","guid":{"rendered":"http:\/\/istvr.edu.ec\/web\/?p=2765"},"modified":"2022-12-01T11:02:34","modified_gmt":"2022-12-01T16:02:34","slug":"istvr-realiza-panel-academico","status":"publish","type":"post","link":"https:\/\/istvr.edu.ec\/web\/2022\/12\/01\/istvr-realiza-panel-academico\/","title":{"rendered":"ISTVR realiza panel acad\u00e9mico"},"content":{"rendered":"\n<p>Por medio de charlas que aportan al desarrollo de la investigaci\u00f3n como complemento a las actividades acad\u00e9micas y como reconocimiento a la investigaci\u00f3n, la Coordinaci\u00f3n de Investigaci\u00f3n, Desarrollo Tecnol\u00f3gico e Innovaci\u00f3n, realizo el Panel Cient\u00edfico ISTVR Science: Experiencias, Reflexiones y Resultados en el que se cont\u00f3 con el aporte de reconocidos investigadores de diferentes universidades del pa\u00eds. As\u00ed mismo, con el af\u00e1n de velar por la actualizaci\u00f3n acad\u00e9mica de los docentes, ellos recibir\u00e1n certificados de asistencia correspondiente a 10 horas acad\u00e9micas.<\/p>\n\n\n\n<p>En la apertura del acto Javier Segovia, rector de Instituto Superior Tecnol\u00f3gico Vicente Rocafuerte, destac\u00f3 la importancia de crear cultura de innovar e investigar \u201c\u2019 todo lo que tiene que ver con investigaci\u00f3n, innovaci\u00f3n, ciencia, radica en que debemos construir una cultura de la curiosidad, cultura de analizar la problem\u00e1tica para presentar soluciones\u201d, manifest\u00f3 Segovia.<\/p>\n\n\n\n<figure class=\"wp-block-image size-full\"><img loading=\"lazy\" decoding=\"async\" width=\"1024\" height=\"768\" src=\"http:\/\/istvr.edu.ec\/web\/wp-content\/uploads\/2022\/12\/1-1.jpeg\" alt=\"\" class=\"wp-image-2769\" srcset=\"https:\/\/istvr.edu.ec\/web\/wp-content\/uploads\/2022\/12\/1-1.jpeg 1024w, https:\/\/istvr.edu.ec\/web\/wp-content\/uploads\/2022\/12\/1-1-300x225.jpeg 300w, https:\/\/istvr.edu.ec\/web\/wp-content\/uploads\/2022\/12\/1-1-768x576.jpeg 768w, https:\/\/istvr.edu.ec\/web\/wp-content\/uploads\/2022\/12\/1-1-1000x750.jpeg 1000w, https:\/\/istvr.edu.ec\/web\/wp-content\/uploads\/2022\/12\/1-1-230x173.jpeg 230w, https:\/\/istvr.edu.ec\/web\/wp-content\/uploads\/2022\/12\/1-1-350x263.jpeg 350w, https:\/\/istvr.edu.ec\/web\/wp-content\/uploads\/2022\/12\/1-1-480x360.jpeg 480w\" sizes=\"auto, (max-width: 1024px) 100vw, 1024px\" \/><\/figure>\n\n\n\n<p>El panel inici\u00f3 con un an\u00e1lisis profundo de los Manglares del Ecuador, tema que llam\u00f3 mucha la atenci\u00f3n de los asistentes por la vulnerabilidad que existe y el poco cuidado que se le da a este sector, este tema fue expuesto por la Doctora Natalia Molina, experta en investigaci\u00f3n de manglares, quien adem\u00e1s hizo una invitaci\u00f3n para realizar turismo de manglares, que no solo sea turismo sostenible, si no turismo de bienestar que ayude a las familias que se dedica a las actividades en los manglares. \u201cCada vez que se coman un cangrejo piensen en las personas que se dedican a esta actividad\u201d dijo sonriendo Molina.<\/p>\n\n\n\n<p>Como segunda ponente estuvo Ana Grijalva Endara, doctora en ciencias ambientales, ella comparti\u00f3 el tema, la importancia de la investigaci\u00f3n, la reflexi\u00f3n y los resultados. Expresa que la ciencia y la investigaci\u00f3n son importantes para el desarrollo de la comunidad, mejorar la calidad de vida y se transforme en bienestar para todos, \u201c\u2019es por esto, que se lleva como reflexi\u00f3n que la ciencia es el punto base para el desarrollo de una comunidad, pero que debe ser implementada hasta la transferencia y vinculaci\u00f3n con la sociedad\u201d se\u00f1al\u00f3 Grijalva.<\/p>\n\n\n\n<figure class=\"wp-block-image size-large\"><img loading=\"lazy\" decoding=\"async\" width=\"1024\" height=\"768\" src=\"http:\/\/istvr.edu.ec\/web\/wp-content\/uploads\/2022\/12\/4-1024x768.jpeg\" alt=\"\" class=\"wp-image-2770\" srcset=\"https:\/\/istvr.edu.ec\/web\/wp-content\/uploads\/2022\/12\/4-1024x768.jpeg 1024w, https:\/\/istvr.edu.ec\/web\/wp-content\/uploads\/2022\/12\/4-300x225.jpeg 300w, https:\/\/istvr.edu.ec\/web\/wp-content\/uploads\/2022\/12\/4-768x576.jpeg 768w, https:\/\/istvr.edu.ec\/web\/wp-content\/uploads\/2022\/12\/4-1000x750.jpeg 1000w, https:\/\/istvr.edu.ec\/web\/wp-content\/uploads\/2022\/12\/4-230x173.jpeg 230w, https:\/\/istvr.edu.ec\/web\/wp-content\/uploads\/2022\/12\/4-350x263.jpeg 350w, https:\/\/istvr.edu.ec\/web\/wp-content\/uploads\/2022\/12\/4-480x360.jpeg 480w, https:\/\/istvr.edu.ec\/web\/wp-content\/uploads\/2022\/12\/4.jpeg 1080w\" sizes=\"auto, (max-width: 1024px) 100vw, 1024px\" \/><\/figure>\n\n\n\n<p>Isabel Camacho Polo, catedr\u00e1tica e investigadora de la Universidad Estatal Pen\u00ednsula de Santa Elena, destaca la importancia la divulgaci\u00f3n de la ciencia y menciona que es un camino muy complejo, por ello expuso el caso de la UPSE-Ecuador, donde cont\u00f3 la experiencia y los resultados de dicha investigaci\u00f3n.<br>Por su parte el PhD. Milton Barcos Arias, ponente que cerro el ciclo de conferencias con su ponencia la Biotecnolog\u00eda, considera que los espacios cient\u00edficos, de forma presencial contribuyen a la transformaci\u00f3n de la vida de muchas personas.\u201d Me parece super interesante que este tipo de eventos se den con frecuencia y de manera presencial para poder compartir con la comunidad cient\u00edfica de manera general\u2019 concluy\u00f3 Barcos.<br>Al evento asistieron autoridades, docentes e invitados especiales y se llev\u00f3 a cabo en el Auditorio del Gobierno Zonal, el pasado viernes 18 de noviembre de 2022.<\/p>\n\n\n\n<figure class=\"wp-block-image size-full\"><img loading=\"lazy\" decoding=\"async\" width=\"786\" height=\"590\" src=\"http:\/\/istvr.edu.ec\/web\/wp-content\/uploads\/2022\/12\/5.jpeg\" alt=\"\" class=\"wp-image-2771\" srcset=\"https:\/\/istvr.edu.ec\/web\/wp-content\/uploads\/2022\/12\/5.jpeg 786w, https:\/\/istvr.edu.ec\/web\/wp-content\/uploads\/2022\/12\/5-300x225.jpeg 300w, https:\/\/istvr.edu.ec\/web\/wp-content\/uploads\/2022\/12\/5-768x576.jpeg 768w, https:\/\/istvr.edu.ec\/web\/wp-content\/uploads\/2022\/12\/5-230x173.jpeg 230w, https:\/\/istvr.edu.ec\/web\/wp-content\/uploads\/2022\/12\/5-350x263.jpeg 350w, https:\/\/istvr.edu.ec\/web\/wp-content\/uploads\/2022\/12\/5-480x360.jpeg 480w\" sizes=\"auto, (max-width: 786px) 100vw, 786px\" \/><\/figure>\n","protected":false},"excerpt":{"rendered":"<p>Por medio de charlas que aportan al desarrollo de la investigaci\u00f3n como complemento a las actividades acad\u00e9micas y como reconocimiento a la [&hellip;]<\/p>\n","protected":false},"author":1,"featured_media":2767,"comment_status":"open","ping_status":"open","sticky":false,"template":"","format":"standard","meta":{"pgc_sgb_lightbox_settings":"","footnotes":""},"categories":[3],"tags":[],"class_list":["post-2765","post","type-post","status-publish","format-standard","has-post-thumbnail","hentry","category-work"],"_links":{"self":[{"href":"https:\/\/istvr.edu.ec\/web\/wp-json\/wp\/v2\/posts\/2765","targetHints":{"allow":["GET"]}}],"collection":[{"href":"https:\/\/istvr.edu.ec\/web\/wp-json\/wp\/v2\/posts"}],"about":[{"href":"https:\/\/istvr.edu.ec\/web\/wp-json\/wp\/v2\/types\/post"}],"author":[{"embeddable":true,"href":"https:\/\/istvr.edu.ec\/web\/wp-json\/wp\/v2\/users\/1"}],"replies":[{"embeddable":true,"href":"https:\/\/istvr.edu.ec\/web\/wp-json\/wp\/v2\/comments?post=2765"}],"version-history":[{"count":3,"href":"https:\/\/istvr.edu.ec\/web\/wp-json\/wp\/v2\/posts\/2765\/revisions"}],"predecessor-version":[{"id":2772,"href":"https:\/\/istvr.edu.ec\/web\/wp-json\/wp\/v2\/posts\/2765\/revisions\/2772"}],"wp:featuredmedia":[{"embeddable":true,"href":"https:\/\/istvr.edu.ec\/web\/wp-json\/wp\/v2\/media\/2767"}],"wp:attachment":[{"href":"https:\/\/istvr.edu.ec\/web\/wp-json\/wp\/v2\/media?parent=2765"}],"wp:term":[{"taxonomy":"category","embeddable":true,"href":"https:\/\/istvr.edu.ec\/web\/wp-json\/wp\/v2\/categories?post=2765"},{"taxonomy":"post_tag","embeddable":true,"href":"https:\/\/istvr.edu.ec\/web\/wp-json\/wp\/v2\/tags?post=2765"}],"curies":[{"name":"wp","href":"https:\/\/api.w.org\/{rel}","templated":true}]}}