{"id":1762,"date":"2022-05-07T10:07:02","date_gmt":"2022-05-07T15:07:02","guid":{"rendered":"https:\/\/istvr.edu.ec\/web\/?p=1762"},"modified":"2022-06-10T20:15:38","modified_gmt":"2022-06-11T01:15:38","slug":"feria-laboral-virtual","status":"publish","type":"post","link":"https:\/\/istvr.edu.ec\/web\/2022\/05\/07\/feria-laboral-virtual\/","title":{"rendered":"Feria Laboral Virtual"},"content":{"rendered":"\n<p class=\"has-medium-font-size\">\u00a1La soluci\u00f3n que estaban esperando! Invitamos a nuestros estudiantes y exalumnos a participar de la Feria Laboral Virtual el pr\u00f3ximo 19 al 20 de mayo, donde encontrar\u00e1s vacantes disponibles de las mejores empresas del Ecuador. Inscr\u00edbete en <a rel=\"noreferrer noopener\" href=\"https:\/\/t.co\/J1f1JL71up\" target=\"_blank\">http:\/\/feriaslaborales.com<\/a><\/p>\n\n\n\n<figure class=\"wp-block-image size-large\"><img loading=\"lazy\" decoding=\"async\" width=\"1024\" height=\"1024\" src=\"https:\/\/istvr.edu.ec\/web\/wp-content\/uploads\/2022\/05\/POST-REDES-SOCIALES-01-1024x1024.png\" alt=\"\" class=\"wp-image-1766\" srcset=\"https:\/\/istvr.edu.ec\/web\/wp-content\/uploads\/2022\/05\/POST-REDES-SOCIALES-01-1024x1024.png 1024w, https:\/\/istvr.edu.ec\/web\/wp-content\/uploads\/2022\/05\/POST-REDES-SOCIALES-01-300x300.png 300w, https:\/\/istvr.edu.ec\/web\/wp-content\/uploads\/2022\/05\/POST-REDES-SOCIALES-01-150x150.png 150w, https:\/\/istvr.edu.ec\/web\/wp-content\/uploads\/2022\/05\/POST-REDES-SOCIALES-01-768x768.png 768w, https:\/\/istvr.edu.ec\/web\/wp-content\/uploads\/2022\/05\/POST-REDES-SOCIALES-01-1536x1536.png 1536w, https:\/\/istvr.edu.ec\/web\/wp-content\/uploads\/2022\/05\/POST-REDES-SOCIALES-01-2048x2048.png 2048w, https:\/\/istvr.edu.ec\/web\/wp-content\/uploads\/2022\/05\/POST-REDES-SOCIALES-01-920x920.png 920w, https:\/\/istvr.edu.ec\/web\/wp-content\/uploads\/2022\/05\/POST-REDES-SOCIALES-01-230x230.png 230w, https:\/\/istvr.edu.ec\/web\/wp-content\/uploads\/2022\/05\/POST-REDES-SOCIALES-01-350x350.png 350w, https:\/\/istvr.edu.ec\/web\/wp-content\/uploads\/2022\/05\/POST-REDES-SOCIALES-01-480x480.png 480w\" sizes=\"auto, (max-width: 1024px) 100vw, 1024px\" \/><\/figure>\n","protected":false},"excerpt":{"rendered":"<p>\u00a1La soluci\u00f3n que estaban esperando! Invitamos a nuestros estudiantes y exalumnos a participar de la Feria Laboral Virtual el pr\u00f3ximo 19 al [&hellip;]<\/p>\n","protected":false},"author":1,"featured_media":1777,"comment_status":"closed","ping_status":"open","sticky":false,"template":"","format":"standard","meta":{"pgc_sgb_lightbox_settings":"","footnotes":""},"categories":[3],"tags":[],"class_list":["post-1762","post","type-post","status-publish","format-standard","has-post-thumbnail","hentry","category-work"],"_links":{"self":[{"href":"https:\/\/istvr.edu.ec\/web\/wp-json\/wp\/v2\/posts\/1762","targetHints":{"allow":["GET"]}}],"collection":[{"href":"https:\/\/istvr.edu.ec\/web\/wp-json\/wp\/v2\/posts"}],"about":[{"href":"https:\/\/istvr.edu.ec\/web\/wp-json\/wp\/v2\/types\/post"}],"author":[{"embeddable":true,"href":"https:\/\/istvr.edu.ec\/web\/wp-json\/wp\/v2\/users\/1"}],"replies":[{"embeddable":true,"href":"https:\/\/istvr.edu.ec\/web\/wp-json\/wp\/v2\/comments?post=1762"}],"version-history":[{"count":3,"href":"https:\/\/istvr.edu.ec\/web\/wp-json\/wp\/v2\/posts\/1762\/revisions"}],"predecessor-version":[{"id":1767,"href":"https:\/\/istvr.edu.ec\/web\/wp-json\/wp\/v2\/posts\/1762\/revisions\/1767"}],"wp:featuredmedia":[{"embeddable":true,"href":"https:\/\/istvr.edu.ec\/web\/wp-json\/wp\/v2\/media\/1777"}],"wp:attachment":[{"href":"https:\/\/istvr.edu.ec\/web\/wp-json\/wp\/v2\/media?parent=1762"}],"wp:term":[{"taxonomy":"category","embeddable":true,"href":"https:\/\/istvr.edu.ec\/web\/wp-json\/wp\/v2\/categories?post=1762"},{"taxonomy":"post_tag","embeddable":true,"href":"https:\/\/istvr.edu.ec\/web\/wp-json\/wp\/v2\/tags?post=1762"}],"curies":[{"name":"wp","href":"https:\/\/api.w.org\/{rel}","templated":true}]}}