{"id":1621,"date":"2022-03-29T16:28:30","date_gmt":"2022-03-29T21:28:30","guid":{"rendered":"http:\/\/istvr.edu.ec\/web\/?p=1621"},"modified":"2022-03-29T16:28:32","modified_gmt":"2022-03-29T21:28:32","slug":"rendicion-de-cuentas-del-periodo-2021","status":"publish","type":"post","link":"https:\/\/istvr.edu.ec\/web\/2022\/03\/29\/rendicion-de-cuentas-del-periodo-2021\/","title":{"rendered":"Rendici\u00f3n de cuentas del per\u00edodo 2021"},"content":{"rendered":"\n<p>El Instituto Superior Tecnol\u00f3gico Vicente Rocafuerte invita a la comunidad acad\u00e9mica y ciudadan\u00eda en general a participar de la Rendici\u00f3n de cuentas del per\u00edodo 2021. El evento tendr\u00e1 lugar el d\u00eda mi\u00e9rcoles 30 de marzo de 2022 a las 10h00 en\u00a0<a rel=\"noreferrer noopener\" href=\"https:\/\/www.facebook.com\/ISTVR\" target=\"_blank\">https:\/\/www.facebook.com\/ISTVR<\/a><\/p>\n\n\n\n<figure class=\"wp-block-image size-large\"><img loading=\"lazy\" decoding=\"async\" width=\"1024\" height=\"597\" src=\"http:\/\/istvr.edu.ec\/web\/wp-content\/uploads\/2022\/03\/Rendicion-de-cuentas-42-1024x597.jpg\" alt=\"\" class=\"wp-image-1622\" srcset=\"https:\/\/istvr.edu.ec\/web\/wp-content\/uploads\/2022\/03\/Rendicion-de-cuentas-42-1024x597.jpg 1024w, https:\/\/istvr.edu.ec\/web\/wp-content\/uploads\/2022\/03\/Rendicion-de-cuentas-42-300x175.jpg 300w, https:\/\/istvr.edu.ec\/web\/wp-content\/uploads\/2022\/03\/Rendicion-de-cuentas-42-768x448.jpg 768w, https:\/\/istvr.edu.ec\/web\/wp-content\/uploads\/2022\/03\/Rendicion-de-cuentas-42-1536x896.jpg 1536w, https:\/\/istvr.edu.ec\/web\/wp-content\/uploads\/2022\/03\/Rendicion-de-cuentas-42-2048x1195.jpg 2048w, https:\/\/istvr.edu.ec\/web\/wp-content\/uploads\/2022\/03\/Rendicion-de-cuentas-42-920x537.jpg 920w, https:\/\/istvr.edu.ec\/web\/wp-content\/uploads\/2022\/03\/Rendicion-de-cuentas-42-230x134.jpg 230w, https:\/\/istvr.edu.ec\/web\/wp-content\/uploads\/2022\/03\/Rendicion-de-cuentas-42-350x204.jpg 350w, https:\/\/istvr.edu.ec\/web\/wp-content\/uploads\/2022\/03\/Rendicion-de-cuentas-42-480x280.jpg 480w\" sizes=\"auto, (max-width: 1024px) 100vw, 1024px\" \/><\/figure>\n\n\n\n<p>El Instituto Superior Tecnol\u00f3gico Vicente Rocafuerte, pone en conocimiento de la comunidad acad\u00e9mica y la ciudadan\u00eda en general el informe de la Rendici\u00f3n de cuentas del per\u00edodo 2021.\u00a0Ver documento en:\u00a0<a rel=\"noreferrer noopener\" href=\"http:\/\/bit.ly\/3iDNNzP\" target=\"_blank\">bit.ly\/3iDNNzP<\/a><\/p>\n","protected":false},"excerpt":{"rendered":"<p>El Instituto Superior Tecnol\u00f3gico Vicente Rocafuerte invita a la comunidad acad\u00e9mica y ciudadan\u00eda en general a participar de la Rendici\u00f3n de cuentas [&hellip;]<\/p>\n","protected":false},"author":1,"featured_media":1623,"comment_status":"open","ping_status":"open","sticky":false,"template":"","format":"standard","meta":{"pgc_sgb_lightbox_settings":"","footnotes":""},"categories":[3],"tags":[],"class_list":["post-1621","post","type-post","status-publish","format-standard","has-post-thumbnail","hentry","category-work"],"_links":{"self":[{"href":"https:\/\/istvr.edu.ec\/web\/wp-json\/wp\/v2\/posts\/1621","targetHints":{"allow":["GET"]}}],"collection":[{"href":"https:\/\/istvr.edu.ec\/web\/wp-json\/wp\/v2\/posts"}],"about":[{"href":"https:\/\/istvr.edu.ec\/web\/wp-json\/wp\/v2\/types\/post"}],"author":[{"embeddable":true,"href":"https:\/\/istvr.edu.ec\/web\/wp-json\/wp\/v2\/users\/1"}],"replies":[{"embeddable":true,"href":"https:\/\/istvr.edu.ec\/web\/wp-json\/wp\/v2\/comments?post=1621"}],"version-history":[{"count":1,"href":"https:\/\/istvr.edu.ec\/web\/wp-json\/wp\/v2\/posts\/1621\/revisions"}],"predecessor-version":[{"id":1624,"href":"https:\/\/istvr.edu.ec\/web\/wp-json\/wp\/v2\/posts\/1621\/revisions\/1624"}],"wp:featuredmedia":[{"embeddable":true,"href":"https:\/\/istvr.edu.ec\/web\/wp-json\/wp\/v2\/media\/1623"}],"wp:attachment":[{"href":"https:\/\/istvr.edu.ec\/web\/wp-json\/wp\/v2\/media?parent=1621"}],"wp:term":[{"taxonomy":"category","embeddable":true,"href":"https:\/\/istvr.edu.ec\/web\/wp-json\/wp\/v2\/categories?post=1621"},{"taxonomy":"post_tag","embeddable":true,"href":"https:\/\/istvr.edu.ec\/web\/wp-json\/wp\/v2\/tags?post=1621"}],"curies":[{"name":"wp","href":"https:\/\/api.w.org\/{rel}","templated":true}]}}