{"id":1269,"date":"2021-06-22T01:31:00","date_gmt":"2021-06-22T06:31:00","guid":{"rendered":"http:\/\/istvr.edu.ec\/web\/?p=1269"},"modified":"2021-11-29T20:24:35","modified_gmt":"2021-11-30T01:24:35","slug":"instituciones-de-educacion-superior-consolidan-alianza-estrategica-mediante-la-suscripcion-de-un-convenio-marco-de-cooperacion-interinstitucional","status":"publish","type":"post","link":"https:\/\/istvr.edu.ec\/web\/2021\/06\/22\/instituciones-de-educacion-superior-consolidan-alianza-estrategica-mediante-la-suscripcion-de-un-convenio-marco-de-cooperacion-interinstitucional\/","title":{"rendered":"Convenio marco cooperativo"},"content":{"rendered":"\n<p>El Instituto Superior Tecnol\u00f3gico Vicente Rocafuerte(<strong>ISTVR<\/strong>) y la Escuela Superior Polit\u00e9cnica del Litoral (<strong>ESPOL<\/strong>), consolidan alianza estrat\u00e9gica mediante la suscripci\u00f3n de un convenio marco de cooperaci\u00f3n interinstitucional t\u00e9cnica y cient\u00edfica que permitir\u00e1 ampliar los conocimientos acad\u00e9micos de los estudiantes y docente.<\/p>\n\n\n\n<p>&nbsp;Entre los beneficios de este acuerdo se destacan el fomento de la innovaci\u00f3n, trasferencia tecnol\u00f3gica, educaci\u00f3n continua, actividades acad\u00e9micas e investigativas, la vinculaci\u00f3n social y empresarial.&nbsp;<\/p>\n\n\n\n<p>&nbsp;La firma del convenio marco tiene como objeto establecer lazos de cooperaci\u00f3n interinstitucional en diversas \u00e1reas para vincular a los estudiantes, docentes, investigadores y unidades corporativas de la <strong>ESPOL<\/strong> a las actividades del Instituto Superior Tecnol\u00f3gico Vicente Rocafuerte, a fin de desarrollar programas, proyectos acad\u00e9micos y t\u00e9cnicos en los \u00e1mbitos de investigaci\u00f3n, cultura, innovaci\u00f3n, vinculaci\u00f3n con la sociedad, capacitaci\u00f3n profesional y ejecutiva.<\/p>\n\n\n\n<p>Las autoridades de ambas instituciones, mediante la firma de este documento, tambi\u00e9n, viabilizan la realizaci\u00f3n de proyectos de mutuo inter\u00e9s, como asesoramiento y consultor\u00edas que beneficien el desarrollo integral de las organizaciones y sus labores por medio de las actividades econ\u00f3micas que desarrolla. Mientras que en materia de vinculaci\u00f3n, su \u00e9nfasis ser\u00e1 en sectores en donde el Instituto Superior Tecnol\u00f3gico Vicente Rocafuerte, tenga presencia y se logren compromisos de com\u00fan acuerdo. En cuanto, en los \u00e1mbitos tecnol\u00f3gicos, de innovaci\u00f3n, investigaci\u00f3n acad\u00e9mica y de gesti\u00f3n, prestaci\u00f3n de servicios, consultor\u00edas, desarrollo tecnol\u00f3gico y todos los proyectos de mutuo inter\u00e9s, se buscar\u00e1 fortalecer los procesos de generaci\u00f3n de conocimientos y su aplicaci\u00f3n, en el desarrollo de destrezas y habilidades espec\u00edficas que los estudiantes deben adquirir para el desempe\u00f1o profesional.<\/p>\n\n\n\n<p>\u2018Las partes, buscamos impulsar una cooperaci\u00f3n relativa a las actividades de investigaci\u00f3n y desarrollo que promuevan la innovaci\u00f3n, la formaci\u00f3n profesional y ejecutiva, as\u00ed como tambi\u00e9n la asistencia t\u00e9cnica, los servicios t\u00e9cnicos especializados, la formaci\u00f3n de recursos humanos, la vinculaci\u00f3n con la sociedad y responsabilidad social\u201d, recalc\u00f3 Giovanna Cordero, rectora del <strong>ISTVR.<\/strong> &nbsp;<\/p>\n\n\n\n<p>El convenio beneficiara a los estudiantes de Tecnolog\u00eda Superior en Comercio Exterior, Tecnolog\u00eda Superior en Contabilidad, Tecnolog\u00eda en Dise\u00f1o y Mantenimiento de Redes, Tecnolog\u00eda Superior en Ensamblaje y Mantenimiento de Equipo de C\u00f3mputo, Tecnolog\u00eda Superior en Turismo y Dise\u00f1o de Moda. &nbsp; Las m\u00e1ximas autoridades de las dos instituciones suscribieron el documento: por delegaci\u00f3n del Secretario de Educaci\u00f3n Superior, Ciencia, Tecnolog\u00eda en Innovaci\u00f3n, Mgs. Giovanna Cordero Villavicencio, rectora del &nbsp;&nbsp;I<strong>STVR<\/strong>, y por la Escuela Superior Polit\u00e9cnica del Litoral, la PhD. Cecilia Paredes, Rectora de <strong>ESPOL, <\/strong>el convenio tendr\u00e1 vigencia durante cinco(5) a\u00f1os &nbsp;a partir de las firma.<\/p>\n\n\n\n<figure class=\"wp-block-gallery columns-3 is-cropped wp-block-gallery-1 is-layout-flex wp-block-gallery-is-layout-flex\"><ul class=\"blocks-gallery-grid\"><li class=\"blocks-gallery-item\"><figure><img loading=\"lazy\" decoding=\"async\" width=\"819\" height=\"1024\" src=\"http:\/\/istvr.edu.ec\/web\/wp-content\/uploads\/2021\/10\/3-FOTO-BOLETIN-FIRMA-CONVENIO-ESPOL-1-819x1024.jpg\" alt=\"\" data-id=\"1271\" data-full-url=\"http:\/\/istvr.edu.ec\/web\/wp-content\/uploads\/2021\/10\/3-FOTO-BOLETIN-FIRMA-CONVENIO-ESPOL-1.jpg\" data-link=\"http:\/\/istvr.edu.ec\/web\/?attachment_id=1271\" class=\"wp-image-1271\" srcset=\"https:\/\/istvr.edu.ec\/web\/wp-content\/uploads\/2021\/10\/3-FOTO-BOLETIN-FIRMA-CONVENIO-ESPOL-1-819x1024.jpg 819w, https:\/\/istvr.edu.ec\/web\/wp-content\/uploads\/2021\/10\/3-FOTO-BOLETIN-FIRMA-CONVENIO-ESPOL-1-240x300.jpg 240w, https:\/\/istvr.edu.ec\/web\/wp-content\/uploads\/2021\/10\/3-FOTO-BOLETIN-FIRMA-CONVENIO-ESPOL-1-768x960.jpg 768w, https:\/\/istvr.edu.ec\/web\/wp-content\/uploads\/2021\/10\/3-FOTO-BOLETIN-FIRMA-CONVENIO-ESPOL-1-920x1150.jpg 920w, https:\/\/istvr.edu.ec\/web\/wp-content\/uploads\/2021\/10\/3-FOTO-BOLETIN-FIRMA-CONVENIO-ESPOL-1-230x288.jpg 230w, https:\/\/istvr.edu.ec\/web\/wp-content\/uploads\/2021\/10\/3-FOTO-BOLETIN-FIRMA-CONVENIO-ESPOL-1-350x438.jpg 350w, https:\/\/istvr.edu.ec\/web\/wp-content\/uploads\/2021\/10\/3-FOTO-BOLETIN-FIRMA-CONVENIO-ESPOL-1-480x600.jpg 480w, https:\/\/istvr.edu.ec\/web\/wp-content\/uploads\/2021\/10\/3-FOTO-BOLETIN-FIRMA-CONVENIO-ESPOL-1.jpg 1080w\" sizes=\"auto, (max-width: 819px) 100vw, 819px\" \/><\/figure><\/li><li class=\"blocks-gallery-item\"><figure><img loading=\"lazy\" decoding=\"async\" width=\"819\" height=\"1024\" src=\"http:\/\/istvr.edu.ec\/web\/wp-content\/uploads\/2021\/10\/3-FOTO-BOLETIN-FIRMA-CONVENIO-ESPOL-2-819x1024.jpg\" alt=\"\" data-id=\"1272\" data-full-url=\"http:\/\/istvr.edu.ec\/web\/wp-content\/uploads\/2021\/10\/3-FOTO-BOLETIN-FIRMA-CONVENIO-ESPOL-2.jpg\" data-link=\"http:\/\/istvr.edu.ec\/web\/?attachment_id=1272\" class=\"wp-image-1272\" srcset=\"https:\/\/istvr.edu.ec\/web\/wp-content\/uploads\/2021\/10\/3-FOTO-BOLETIN-FIRMA-CONVENIO-ESPOL-2-819x1024.jpg 819w, https:\/\/istvr.edu.ec\/web\/wp-content\/uploads\/2021\/10\/3-FOTO-BOLETIN-FIRMA-CONVENIO-ESPOL-2-240x300.jpg 240w, https:\/\/istvr.edu.ec\/web\/wp-content\/uploads\/2021\/10\/3-FOTO-BOLETIN-FIRMA-CONVENIO-ESPOL-2-768x960.jpg 768w, https:\/\/istvr.edu.ec\/web\/wp-content\/uploads\/2021\/10\/3-FOTO-BOLETIN-FIRMA-CONVENIO-ESPOL-2-920x1150.jpg 920w, https:\/\/istvr.edu.ec\/web\/wp-content\/uploads\/2021\/10\/3-FOTO-BOLETIN-FIRMA-CONVENIO-ESPOL-2-230x288.jpg 230w, https:\/\/istvr.edu.ec\/web\/wp-content\/uploads\/2021\/10\/3-FOTO-BOLETIN-FIRMA-CONVENIO-ESPOL-2-350x438.jpg 350w, https:\/\/istvr.edu.ec\/web\/wp-content\/uploads\/2021\/10\/3-FOTO-BOLETIN-FIRMA-CONVENIO-ESPOL-2-480x600.jpg 480w, https:\/\/istvr.edu.ec\/web\/wp-content\/uploads\/2021\/10\/3-FOTO-BOLETIN-FIRMA-CONVENIO-ESPOL-2.jpg 1080w\" sizes=\"auto, (max-width: 819px) 100vw, 819px\" \/><\/figure><\/li><li class=\"blocks-gallery-item\"><figure><img loading=\"lazy\" decoding=\"async\" width=\"898\" height=\"1024\" src=\"http:\/\/istvr.edu.ec\/web\/wp-content\/uploads\/2021\/10\/3-FOTO-BOLETIN-FIRMA-CONVENIO-ESPOL-3-898x1024.jpg\" alt=\"\" data-id=\"1273\" data-full-url=\"http:\/\/istvr.edu.ec\/web\/wp-content\/uploads\/2021\/10\/3-FOTO-BOLETIN-FIRMA-CONVENIO-ESPOL-3.jpg\" data-link=\"http:\/\/istvr.edu.ec\/web\/?attachment_id=1273\" class=\"wp-image-1273\" srcset=\"https:\/\/istvr.edu.ec\/web\/wp-content\/uploads\/2021\/10\/3-FOTO-BOLETIN-FIRMA-CONVENIO-ESPOL-3-898x1024.jpg 898w, https:\/\/istvr.edu.ec\/web\/wp-content\/uploads\/2021\/10\/3-FOTO-BOLETIN-FIRMA-CONVENIO-ESPOL-3-263x300.jpg 263w, https:\/\/istvr.edu.ec\/web\/wp-content\/uploads\/2021\/10\/3-FOTO-BOLETIN-FIRMA-CONVENIO-ESPOL-3-768x875.jpg 768w, https:\/\/istvr.edu.ec\/web\/wp-content\/uploads\/2021\/10\/3-FOTO-BOLETIN-FIRMA-CONVENIO-ESPOL-3-920x1049.jpg 920w, https:\/\/istvr.edu.ec\/web\/wp-content\/uploads\/2021\/10\/3-FOTO-BOLETIN-FIRMA-CONVENIO-ESPOL-3-230x262.jpg 230w, https:\/\/istvr.edu.ec\/web\/wp-content\/uploads\/2021\/10\/3-FOTO-BOLETIN-FIRMA-CONVENIO-ESPOL-3-350x399.jpg 350w, https:\/\/istvr.edu.ec\/web\/wp-content\/uploads\/2021\/10\/3-FOTO-BOLETIN-FIRMA-CONVENIO-ESPOL-3-480x547.jpg 480w, https:\/\/istvr.edu.ec\/web\/wp-content\/uploads\/2021\/10\/3-FOTO-BOLETIN-FIRMA-CONVENIO-ESPOL-3.jpg 1080w\" sizes=\"auto, (max-width: 898px) 100vw, 898px\" \/><\/figure><\/li><\/ul><\/figure>\n","protected":false},"excerpt":{"rendered":"<p>El Instituto Superior Tecnol\u00f3gico Vicente Rocafuerte(ISTVR) y la Escuela Superior Polit\u00e9cnica del Litoral (ESPOL), consolidan alianza estrat\u00e9gica mediante la suscripci\u00f3n de un [&hellip;]<\/p>\n","protected":false},"author":1,"featured_media":1275,"comment_status":"open","ping_status":"open","sticky":false,"template":"","format":"standard","meta":{"pgc_sgb_lightbox_settings":"","footnotes":""},"categories":[3],"tags":[],"class_list":["post-1269","post","type-post","status-publish","format-standard","has-post-thumbnail","hentry","category-work"],"_links":{"self":[{"href":"https:\/\/istvr.edu.ec\/web\/wp-json\/wp\/v2\/posts\/1269","targetHints":{"allow":["GET"]}}],"collection":[{"href":"https:\/\/istvr.edu.ec\/web\/wp-json\/wp\/v2\/posts"}],"about":[{"href":"https:\/\/istvr.edu.ec\/web\/wp-json\/wp\/v2\/types\/post"}],"author":[{"embeddable":true,"href":"https:\/\/istvr.edu.ec\/web\/wp-json\/wp\/v2\/users\/1"}],"replies":[{"embeddable":true,"href":"https:\/\/istvr.edu.ec\/web\/wp-json\/wp\/v2\/comments?post=1269"}],"version-history":[{"count":4,"href":"https:\/\/istvr.edu.ec\/web\/wp-json\/wp\/v2\/posts\/1269\/revisions"}],"predecessor-version":[{"id":1482,"href":"https:\/\/istvr.edu.ec\/web\/wp-json\/wp\/v2\/posts\/1269\/revisions\/1482"}],"wp:featuredmedia":[{"embeddable":true,"href":"https:\/\/istvr.edu.ec\/web\/wp-json\/wp\/v2\/media\/1275"}],"wp:attachment":[{"href":"https:\/\/istvr.edu.ec\/web\/wp-json\/wp\/v2\/media?parent=1269"}],"wp:term":[{"taxonomy":"category","embeddable":true,"href":"https:\/\/istvr.edu.ec\/web\/wp-json\/wp\/v2\/categories?post=1269"},{"taxonomy":"post_tag","embeddable":true,"href":"https:\/\/istvr.edu.ec\/web\/wp-json\/wp\/v2\/tags?post=1269"}],"curies":[{"name":"wp","href":"https:\/\/api.w.org\/{rel}","templated":true}]}}